{"id":4141,"date":"2017-06-13T11:24:32","date_gmt":"2017-06-13T14:24:32","guid":{"rendered":"http:\/\/sinpro-al.com.br\/v2\/?p=4141"},"modified":"2017-06-13T11:24:32","modified_gmt":"2017-06-13T14:24:32","slug":"sinpro-solidario-lucia-ferreira-necessita-de-doacao-de-sangue","status":"publish","type":"post","link":"http:\/\/sinpro-al.com.br\/v2\/?p=4141","title":{"rendered":"Sinpro Solid\u00e1rio: L\u00facia Ferreira necessita de doa\u00e7\u00e3o de sangue"},"content":{"rendered":"<div id=\"attachment_4142\" style=\"width: 310px\" class=\"wp-caption alignleft\"><a href=\"http:\/\/sinpro-al.com.br\/v2\/wp-content\/uploads\/2017\/06\/WhatsApp-Image-2017-06-13-at-11.17.18.jpeg\"><img loading=\"lazy\" decoding=\"async\" aria-describedby=\"caption-attachment-4142\" class=\"wp-image-4142 size-medium\" src=\"http:\/\/sinpro-al.com.br\/v2\/wp-content\/uploads\/2017\/06\/WhatsApp-Image-2017-06-13-at-11.17.18-300x300.jpeg\" alt=\"\" width=\"300\" height=\"300\" srcset=\"http:\/\/sinpro-al.com.br\/v2\/wp-content\/uploads\/2017\/06\/WhatsApp-Image-2017-06-13-at-11.17.18-300x300.jpeg 300w, http:\/\/sinpro-al.com.br\/v2\/wp-content\/uploads\/2017\/06\/WhatsApp-Image-2017-06-13-at-11.17.18-150x150.jpeg 150w, http:\/\/sinpro-al.com.br\/v2\/wp-content\/uploads\/2017\/06\/WhatsApp-Image-2017-06-13-at-11.17.18-768x768.jpeg 768w, http:\/\/sinpro-al.com.br\/v2\/wp-content\/uploads\/2017\/06\/WhatsApp-Image-2017-06-13-at-11.17.18-1024x1024.jpeg 1024w, http:\/\/sinpro-al.com.br\/v2\/wp-content\/uploads\/2017\/06\/WhatsApp-Image-2017-06-13-at-11.17.18-45x45.jpeg 45w, http:\/\/sinpro-al.com.br\/v2\/wp-content\/uploads\/2017\/06\/WhatsApp-Image-2017-06-13-at-11.17.18.jpeg 1280w\" sizes=\"auto, (max-width: 300px) 100vw, 300px\" \/><\/a><p id=\"caption-attachment-4142\" class=\"wp-caption-text\">(L\u00facia Maria Ferreira)<\/p><\/div>\n<p>A fam\u00edlia de L\u00facia Maria Ferreira, que est\u00e1 internada na Barra de S\u00e3o Miguel, pede ajuda para doa\u00e7\u00e3o de sangue.<\/p>\n<p>L\u00facia ser\u00e1 operada no dia 5 de julho e precisa de no m\u00ednimo seis doa\u00e7\u00f5es.<\/p>\n<p>Quem puder colaborar com esse ato de solidariedade basta ir ao Hemoal no bairro do Trapiche, em Macei\u00f3, das 07h30min \u00e0s 11h e das 13h \u00e0s 16h e informar o nome da paciente.<\/p>\n<p>Vale ressaltar que qualquer tipo de sangue \u00e9 bem vindo, pois o sistema de \u201cpermuta\u201d \u00e9 realizado quando voc\u00ea informar para quem ser\u00e1 sua doa\u00e7\u00e3o.<\/p>\n<p>Doe sangue, doe vida!<\/p>\n","protected":false},"excerpt":{"rendered":"<p>A fam\u00edlia de L\u00facia Maria Ferreira, que est\u00e1 internada na Barra de S\u00e3o Miguel, pede ajuda para doa\u00e7\u00e3o de sangue. L\u00facia ser\u00e1 operada no dia 5 de julho e precisa de no m\u00ednimo seis doa\u00e7\u00f5es. Quem puder colaborar com esse ato de solidariedade basta ir ao Hemoal no bairro do Trapiche, em Macei\u00f3, das 07h30min [&hellip;]<\/p>\n","protected":false},"author":6,"featured_media":4142,"comment_status":"open","ping_status":"open","sticky":false,"template":"","format":"standard","meta":{"footnotes":""},"categories":[4],"tags":[],"class_list":["post-4141","post","type-post","status-publish","format-standard","has-post-thumbnail","hentry","category-noticias-sinpro-al"],"_links":{"self":[{"href":"http:\/\/sinpro-al.com.br\/v2\/index.php?rest_route=\/wp\/v2\/posts\/4141","targetHints":{"allow":["GET"]}}],"collection":[{"href":"http:\/\/sinpro-al.com.br\/v2\/index.php?rest_route=\/wp\/v2\/posts"}],"about":[{"href":"http:\/\/sinpro-al.com.br\/v2\/index.php?rest_route=\/wp\/v2\/types\/post"}],"author":[{"embeddable":true,"href":"http:\/\/sinpro-al.com.br\/v2\/index.php?rest_route=\/wp\/v2\/users\/6"}],"replies":[{"embeddable":true,"href":"http:\/\/sinpro-al.com.br\/v2\/index.php?rest_route=%2Fwp%2Fv2%2Fcomments&post=4141"}],"version-history":[{"count":1,"href":"http:\/\/sinpro-al.com.br\/v2\/index.php?rest_route=\/wp\/v2\/posts\/4141\/revisions"}],"predecessor-version":[{"id":4143,"href":"http:\/\/sinpro-al.com.br\/v2\/index.php?rest_route=\/wp\/v2\/posts\/4141\/revisions\/4143"}],"wp:featuredmedia":[{"embeddable":true,"href":"http:\/\/sinpro-al.com.br\/v2\/index.php?rest_route=\/wp\/v2\/media\/4142"}],"wp:attachment":[{"href":"http:\/\/sinpro-al.com.br\/v2\/index.php?rest_route=%2Fwp%2Fv2%2Fmedia&parent=4141"}],"wp:term":[{"taxonomy":"category","embeddable":true,"href":"http:\/\/sinpro-al.com.br\/v2\/index.php?rest_route=%2Fwp%2Fv2%2Fcategories&post=4141"},{"taxonomy":"post_tag","embeddable":true,"href":"http:\/\/sinpro-al.com.br\/v2\/index.php?rest_route=%2Fwp%2Fv2%2Ftags&post=4141"}],"curies":[{"name":"wp","href":"https:\/\/api.w.org\/{rel}","templated":true}]}}