{"id":4129,"date":"2017-06-12T12:25:22","date_gmt":"2017-06-12T15:25:22","guid":{"rendered":"http:\/\/sinpro-al.com.br\/v2\/?p=4129"},"modified":"2017-06-12T12:25:22","modified_gmt":"2017-06-12T15:25:22","slug":"forro-do-fesso-e-nessa-sexta-feira-166-as-20h","status":"publish","type":"post","link":"http:\/\/sinpro-al.com.br\/v2\/?p=4129","title":{"rendered":"Forr\u00f3 do Fess\u00f4 \u00e9 nessa sexta-feira (16\/6) \u00e0s 20h"},"content":{"rendered":"<p><a href=\"http:\/\/sinpro-al.com.br\/v2\/wp-content\/uploads\/2017\/05\/forr\u00f3.jpg\"><img loading=\"lazy\" decoding=\"async\" class=\"alignleft size-medium wp-image-4000\" src=\"http:\/\/sinpro-al.com.br\/v2\/wp-content\/uploads\/2017\/05\/forr\u00f3-214x300.jpg\" alt=\"\" width=\"214\" height=\"300\" srcset=\"http:\/\/sinpro-al.com.br\/v2\/wp-content\/uploads\/2017\/05\/forr\u00f3-214x300.jpg 214w, http:\/\/sinpro-al.com.br\/v2\/wp-content\/uploads\/2017\/05\/forr\u00f3.jpg 684w\" sizes=\"auto, (max-width: 214px) 100vw, 214px\" \/><\/a>O Sindicato dos Professores de Alagoas (Sinpro\/AL) realiza no pr\u00f3xima sexta-feira, 16\/6, \u00a0o tradicional Forr\u00f3 do Fess\u00f4. O evento ir\u00e1 ocorrer no sal\u00e3o de festa Data Marcada, localizado na Serraria, em Macei\u00f3.<\/p>\n<p>As atra\u00e7\u00f5es musicais ficar\u00e3o por conta do cantor \u201cD\u00e9 Boy Nascimento\u201d, \u201cCampina Filho\u201d e a dupla \u201cSocorro e Maz\u00e9\u201d, essa \u00faltima direto de Pernambuco.<\/p>\n<p>A festan\u00e7a come\u00e7a \u00e0s 20h e voc\u00ea professor (a) \u00e9 nosso (a) convidado (a).<\/p>\n<p>O 7\u00b0 Forr\u00f3 do Fess\u00f4 contar\u00e1 com muito arrasta p\u00e9, comidas t\u00edpicas, in\u00fameras barracas e v\u00e1rios sorteios de brindes.<\/p>\n<p>Professor (a), voc\u00ea n\u00e3o pode ficar e fora!<\/p>\n","protected":false},"excerpt":{"rendered":"<p>O Sindicato dos Professores de Alagoas (Sinpro\/AL) realiza no pr\u00f3xima sexta-feira, 16\/6, \u00a0o tradicional Forr\u00f3 do Fess\u00f4. O evento ir\u00e1 ocorrer no sal\u00e3o de festa Data Marcada, localizado na Serraria, em Macei\u00f3. As atra\u00e7\u00f5es musicais ficar\u00e3o por conta do cantor \u201cD\u00e9 Boy Nascimento\u201d, \u201cCampina Filho\u201d e a dupla \u201cSocorro e Maz\u00e9\u201d, essa \u00faltima direto de [&hellip;]<\/p>\n","protected":false},"author":4,"featured_media":4000,"comment_status":"open","ping_status":"open","sticky":false,"template":"","format":"standard","meta":{"footnotes":""},"categories":[4],"tags":[],"class_list":["post-4129","post","type-post","status-publish","format-standard","has-post-thumbnail","hentry","category-noticias-sinpro-al"],"_links":{"self":[{"href":"http:\/\/sinpro-al.com.br\/v2\/index.php?rest_route=\/wp\/v2\/posts\/4129","targetHints":{"allow":["GET"]}}],"collection":[{"href":"http:\/\/sinpro-al.com.br\/v2\/index.php?rest_route=\/wp\/v2\/posts"}],"about":[{"href":"http:\/\/sinpro-al.com.br\/v2\/index.php?rest_route=\/wp\/v2\/types\/post"}],"author":[{"embeddable":true,"href":"http:\/\/sinpro-al.com.br\/v2\/index.php?rest_route=\/wp\/v2\/users\/4"}],"replies":[{"embeddable":true,"href":"http:\/\/sinpro-al.com.br\/v2\/index.php?rest_route=%2Fwp%2Fv2%2Fcomments&post=4129"}],"version-history":[{"count":1,"href":"http:\/\/sinpro-al.com.br\/v2\/index.php?rest_route=\/wp\/v2\/posts\/4129\/revisions"}],"predecessor-version":[{"id":4130,"href":"http:\/\/sinpro-al.com.br\/v2\/index.php?rest_route=\/wp\/v2\/posts\/4129\/revisions\/4130"}],"wp:featuredmedia":[{"embeddable":true,"href":"http:\/\/sinpro-al.com.br\/v2\/index.php?rest_route=\/wp\/v2\/media\/4000"}],"wp:attachment":[{"href":"http:\/\/sinpro-al.com.br\/v2\/index.php?rest_route=%2Fwp%2Fv2%2Fmedia&parent=4129"}],"wp:term":[{"taxonomy":"category","embeddable":true,"href":"http:\/\/sinpro-al.com.br\/v2\/index.php?rest_route=%2Fwp%2Fv2%2Fcategories&post=4129"},{"taxonomy":"post_tag","embeddable":true,"href":"http:\/\/sinpro-al.com.br\/v2\/index.php?rest_route=%2Fwp%2Fv2%2Ftags&post=4129"}],"curies":[{"name":"wp","href":"https:\/\/api.w.org\/{rel}","templated":true}]}}