{"id":412,"date":"2014-07-23T11:13:49","date_gmt":"2014-07-23T14:13:49","guid":{"rendered":"http:\/\/sinpro-al.com.br\/v2\/?p=412"},"modified":"2014-09-22T11:04:50","modified_gmt":"2014-09-22T14:04:50","slug":"sinpro-al-e-destaque-dos-jornais-impressos-neste-final-de-semana","status":"publish","type":"post","link":"http:\/\/sinpro-al.com.br\/v2\/?p=412","title":{"rendered":"Sinpro-AL \u00e9 destaque dos jornais impressos neste final de semana"},"content":{"rendered":"<p>No \u00faltimo domingo (20) o Sindicato dos Professores do Estado de Alagoas (Sinpro-AL) foi destaque mais uma vez na m\u00eddia local. Desta vez, o vice-presidente da entidade, Eduardo Vasconcelos, falou sobre a sobrecarga de trabalho dos profissionais no jornal Tribuna Independente.<\/p>\n<p>O assunto foi abordado ap\u00f3s uma pesquisa internacional, divulgada h\u00e1 alguns dias em nosso site, sobre a m\u00e9dia de estudantes na sala de aula. Na mat\u00e9ria o vice-presidente coloca a situa\u00e7\u00e3o da categoria. &#8220;Assim n\u00e3o d\u00e1 para acompanhar a evolu\u00e7\u00e3o dos estudantes. Cada um deles \u00e9 um ser diferente e que requer formas e linguagens espec\u00edficas&#8221;, colocou. Ele tamb\u00e9m falou sobre a m\u00e9dia salarial e que a precariedade est\u00e1 principalmente no Ensino Infantil: &#8220;Nessa fase \u00e9 necess\u00e1rio mais cuidados com os estudantes. Eles ainda s\u00e3o crian\u00e7as e precisam de mais aten\u00e7\u00e3o&#8221;.<\/p>\n<p>Tamb\u00e9m no dia 13 de julho no jornal Gazeta de Alagoas, o Sinpro-AL entrou na discuss\u00e3o sobre as pol\u00edticas de incentivo ao profissional da Educa\u00e7\u00e3o. Eduardo abordou que o professor viver um drama para conseguir sua renda satisfat\u00f3ria no fim do m\u00eas. &#8220;O trabalho excessivo faz com que ele n\u00e3o leia, n\u00e3o tenha condi\u00e7\u00f5es de planejar, as aulas ficam mec\u00e2nicas, o que reflete diretamente na qualidade do ensino e na sa\u00fade mental e f\u00edsica dos professores&#8221;, falou no texto.<\/p>\n<p>&nbsp;<\/p>\n","protected":false},"excerpt":{"rendered":"<p>No \u00faltimo domingo (20) o Sindicato dos Professores do Estado de Alagoas (Sinpro-AL) foi destaque mais uma vez na m\u00eddia local. Desta vez, o vice-presidente da entidade, Eduardo Vasconcelos, falou sobre a sobrecarga de trabalho dos profissionais no jornal Tribuna Independente. O assunto foi abordado ap\u00f3s uma pesquisa internacional, divulgada h\u00e1 alguns dias em nosso [&hellip;]<\/p>\n","protected":false},"author":4,"featured_media":0,"comment_status":"open","ping_status":"open","sticky":false,"template":"","format":"standard","meta":{"footnotes":""},"categories":[18,13,4],"tags":[100,73,98,74,75,51],"class_list":["post-412","post","type-post","status-publish","format-standard","hentry","category-alagoas","category-educacao","category-noticias-sinpro-al","tag-alagoas","tag-destaque","tag-educacao","tag-imprensa","tag-jornal","tag-sinpro"],"_links":{"self":[{"href":"http:\/\/sinpro-al.com.br\/v2\/index.php?rest_route=\/wp\/v2\/posts\/412","targetHints":{"allow":["GET"]}}],"collection":[{"href":"http:\/\/sinpro-al.com.br\/v2\/index.php?rest_route=\/wp\/v2\/posts"}],"about":[{"href":"http:\/\/sinpro-al.com.br\/v2\/index.php?rest_route=\/wp\/v2\/types\/post"}],"author":[{"embeddable":true,"href":"http:\/\/sinpro-al.com.br\/v2\/index.php?rest_route=\/wp\/v2\/users\/4"}],"replies":[{"embeddable":true,"href":"http:\/\/sinpro-al.com.br\/v2\/index.php?rest_route=%2Fwp%2Fv2%2Fcomments&post=412"}],"version-history":[{"count":2,"href":"http:\/\/sinpro-al.com.br\/v2\/index.php?rest_route=\/wp\/v2\/posts\/412\/revisions"}],"predecessor-version":[{"id":462,"href":"http:\/\/sinpro-al.com.br\/v2\/index.php?rest_route=\/wp\/v2\/posts\/412\/revisions\/462"}],"wp:attachment":[{"href":"http:\/\/sinpro-al.com.br\/v2\/index.php?rest_route=%2Fwp%2Fv2%2Fmedia&parent=412"}],"wp:term":[{"taxonomy":"category","embeddable":true,"href":"http:\/\/sinpro-al.com.br\/v2\/index.php?rest_route=%2Fwp%2Fv2%2Fcategories&post=412"},{"taxonomy":"post_tag","embeddable":true,"href":"http:\/\/sinpro-al.com.br\/v2\/index.php?rest_route=%2Fwp%2Fv2%2Ftags&post=412"}],"curies":[{"name":"wp","href":"https:\/\/api.w.org\/{rel}","templated":true}]}}