{"id":4117,"date":"2017-06-09T12:22:03","date_gmt":"2017-06-09T15:22:03","guid":{"rendered":"http:\/\/sinpro-al.com.br\/v2\/?p=4117"},"modified":"2017-06-09T12:22:03","modified_gmt":"2017-06-09T15:22:03","slug":"workshop-sobre-primeira-infancia-sera-realizado-hoje","status":"publish","type":"post","link":"http:\/\/sinpro-al.com.br\/v2\/?p=4117","title":{"rendered":"Workshop sobre \u201cPrimeira inf\u00e2ncia\u201d ser\u00e1 realizado hoje"},"content":{"rendered":"<p>&nbsp;<\/p>\n<div id=\"attachment_4118\" style=\"width: 310px\" class=\"wp-caption alignleft\"><a href=\"http:\/\/sinpro-al.com.br\/v2\/wp-content\/uploads\/2017\/06\/banner.jpg\"><img loading=\"lazy\" decoding=\"async\" aria-describedby=\"caption-attachment-4118\" class=\"wp-image-4118 size-medium\" src=\"http:\/\/sinpro-al.com.br\/v2\/wp-content\/uploads\/2017\/06\/banner-300x266.jpg\" alt=\"\" width=\"300\" height=\"266\" srcset=\"http:\/\/sinpro-al.com.br\/v2\/wp-content\/uploads\/2017\/06\/banner-300x266.jpg 300w, http:\/\/sinpro-al.com.br\/v2\/wp-content\/uploads\/2017\/06\/banner-768x680.jpg 768w, http:\/\/sinpro-al.com.br\/v2\/wp-content\/uploads\/2017\/06\/banner.jpg 960w\" sizes=\"auto, (max-width: 300px) 100vw, 300px\" \/><\/a><p id=\"caption-attachment-4118\" class=\"wp-caption-text\">Clique para ampliar a imagem<\/p><\/div>\n<p>Hoje \u00e9 o \u00faltimo dia para as inscri\u00e7\u00f5es no workshop \u201cO valiosos per\u00edodo da Primeira Inf\u00e2ncia\u201d com a presen\u00e7a das palestrantes Isa Minatel, Elisama Santos e Fab\u00edola Saquetto, e com participa\u00e7\u00e3o especial de Elias Keer e \u201cO Pai das Marias\u201d.<\/p>\n<p>O evento traz em discurs\u00e3o o valioso per\u00edodo da inf\u00e2ncia, com informa\u00e7\u00f5es e m\u00e9todos de como encarar essa fase das nossas crian\u00e7as, contribuindo para o desenvolvimento social delas, sem criar obst\u00e1culos e torn\u00e1-las o melhor que elas possam ser.<\/p>\n<p>O evento acontece hoje e amanh\u00e3, 10 de junho, no Hotel Premier (antigo Hotel Radisson).<\/p>\n<p>Professores filiados ao Sinpro \/AL t\u00eam desconto para participa\u00e7\u00e3o no evento. O investimento \u00e9 de R$90,00. As inscri\u00e7\u00f5es podem ser feitas no link: mundoemcores.com\/maceio<\/p>\n<p>Mais informa\u00e7\u00f5es: 82 9.9605-6730<\/p>\n<p><strong>PROGRAMA\u00c7\u00c3O DO EVENTO<\/strong><\/p>\n<p>09\/jun (hoje)<\/p>\n<p>6h00 \u2013 Credenciamento<\/p>\n<p>18h00 \u2013 Boas Vindas: Rodrigo Quint\u00e3o<\/p>\n<p>CEO do MundoemCores.com<\/p>\n<p>18h10 \u2013 Abertura Oficial do Evento<\/p>\n<p>18h30 \u2013 Palestra 1: Elisama Santos<\/p>\n<p>Educando com Disciplina Positiva<\/p>\n<p>20h00 \u2013 Abertura para perguntas<\/p>\n<p>20h30 \u2013 Coquetel de boas vindas com m\u00fasica ao vivo<\/p>\n<p>10\/jun (s\u00e1bado)<\/p>\n<p>08h00 \u2013 Palestra 2: Fabiola Saquetto<\/p>\n<p>Seja O Coach Do Seu Filho<\/p>\n<p>10h00 \u2013 Coffe Break<\/p>\n<p>10h20 \u2013 Abertura para perguntados<\/p>\n<p>11h00 \u2013 Cases Alagoanos. Exemplos inspiradores!<\/p>\n<p>12h00 \u2013 Intervalo para almo\u00e7o<\/p>\n<p>14h00 \u2013 Bate Papo com o Influenciador Digital Elias Keer<\/p>\n<p>15h00 \u2013 Palestra 3: Isa Minatel<\/p>\n<p>Montessori Em Casa<\/p>\n<p>16h00 \u2013 Coffe Break<\/p>\n<p>16h20 \u2013 Retorno \u00e0 Palestra 3<\/p>\n<p>17h30 \u2013 Abertura para perguntas<\/p>\n<p>18h00 \u2013 Encerramento, com sess\u00e3o de fotos e aut\u00f3grafos.<\/p>\n","protected":false},"excerpt":{"rendered":"<p>&nbsp; Hoje \u00e9 o \u00faltimo dia para as inscri\u00e7\u00f5es no workshop \u201cO valiosos per\u00edodo da Primeira Inf\u00e2ncia\u201d com a presen\u00e7a das palestrantes Isa Minatel, Elisama Santos e Fab\u00edola Saquetto, e com participa\u00e7\u00e3o especial de Elias Keer e \u201cO Pai das Marias\u201d. O evento traz em discurs\u00e3o o valioso per\u00edodo da inf\u00e2ncia, com informa\u00e7\u00f5es e m\u00e9todos [&hellip;]<\/p>\n","protected":false},"author":6,"featured_media":4118,"comment_status":"open","ping_status":"open","sticky":false,"template":"","format":"standard","meta":{"footnotes":""},"categories":[4],"tags":[],"class_list":["post-4117","post","type-post","status-publish","format-standard","has-post-thumbnail","hentry","category-noticias-sinpro-al"],"_links":{"self":[{"href":"http:\/\/sinpro-al.com.br\/v2\/index.php?rest_route=\/wp\/v2\/posts\/4117","targetHints":{"allow":["GET"]}}],"collection":[{"href":"http:\/\/sinpro-al.com.br\/v2\/index.php?rest_route=\/wp\/v2\/posts"}],"about":[{"href":"http:\/\/sinpro-al.com.br\/v2\/index.php?rest_route=\/wp\/v2\/types\/post"}],"author":[{"embeddable":true,"href":"http:\/\/sinpro-al.com.br\/v2\/index.php?rest_route=\/wp\/v2\/users\/6"}],"replies":[{"embeddable":true,"href":"http:\/\/sinpro-al.com.br\/v2\/index.php?rest_route=%2Fwp%2Fv2%2Fcomments&post=4117"}],"version-history":[{"count":1,"href":"http:\/\/sinpro-al.com.br\/v2\/index.php?rest_route=\/wp\/v2\/posts\/4117\/revisions"}],"predecessor-version":[{"id":4119,"href":"http:\/\/sinpro-al.com.br\/v2\/index.php?rest_route=\/wp\/v2\/posts\/4117\/revisions\/4119"}],"wp:featuredmedia":[{"embeddable":true,"href":"http:\/\/sinpro-al.com.br\/v2\/index.php?rest_route=\/wp\/v2\/media\/4118"}],"wp:attachment":[{"href":"http:\/\/sinpro-al.com.br\/v2\/index.php?rest_route=%2Fwp%2Fv2%2Fmedia&parent=4117"}],"wp:term":[{"taxonomy":"category","embeddable":true,"href":"http:\/\/sinpro-al.com.br\/v2\/index.php?rest_route=%2Fwp%2Fv2%2Fcategories&post=4117"},{"taxonomy":"post_tag","embeddable":true,"href":"http:\/\/sinpro-al.com.br\/v2\/index.php?rest_route=%2Fwp%2Fv2%2Ftags&post=4117"}],"curies":[{"name":"wp","href":"https:\/\/api.w.org\/{rel}","templated":true}]}}