{"id":4109,"date":"2017-06-08T11:38:25","date_gmt":"2017-06-08T14:38:25","guid":{"rendered":"http:\/\/sinpro-al.com.br\/v2\/?p=4109"},"modified":"2017-06-08T13:26:45","modified_gmt":"2017-06-08T16:26:45","slug":"escola-que-tentar-burlar-data-do-recesso-dos-professores-sera-acionada-na-justica","status":"publish","type":"post","link":"http:\/\/sinpro-al.com.br\/v2\/?p=4109","title":{"rendered":"Escola que desrespeitar data do recesso dos professores ser\u00e1 acionada na Justi\u00e7a"},"content":{"rendered":"<p><a href=\"http:\/\/sinpro-al.com.br\/v2\/wp-content\/uploads\/2017\/06\/RECESSO.jpg\"><img loading=\"lazy\" decoding=\"async\" class=\"alignleft size-medium wp-image-4110\" src=\"http:\/\/sinpro-al.com.br\/v2\/wp-content\/uploads\/2017\/06\/RECESSO-300x210.jpg\" alt=\"\" width=\"300\" height=\"210\" srcset=\"http:\/\/sinpro-al.com.br\/v2\/wp-content\/uploads\/2017\/06\/RECESSO-300x210.jpg 300w, http:\/\/sinpro-al.com.br\/v2\/wp-content\/uploads\/2017\/06\/RECESSO.jpg 650w\" sizes=\"auto, (max-width: 300px) 100vw, 300px\" \/><\/a>O per\u00edodo de recesso das institui\u00e7\u00f5es de ensino b\u00e1sico ser\u00e1 entre os dias 23 de junho e 7 de julho. Essa determina\u00e7\u00e3o \u00e9 uma conven\u00e7\u00e3o coletiva formalizado no Tribunal Regional do Trabalho (TRT) entre o Sindicato dos Professores de Alagoas (Sinpro\/AL) e o Sindicato dos Estabelecimentos de Ensino (Sinepe).<\/p>\n<p>Os estabelecimentos de ensino que n\u00e3o se adequarem ser\u00e3o notificados pela entidade classista. Caso persista a tentativa de burla, o Sindicato ingressar\u00e1 com A\u00e7\u00e3o C\u00edvel P\u00fablica na Justi\u00e7a do Trabalho por descumprimento de Conven\u00e7\u00e3o Coletiva.<\/p>\n<p>Vale ressaltar que as escolas s\u00f3 poder\u00e3o chamar seus docentes de 1\/7 a 7\/7 apenas para forma\u00e7\u00e3o ou planejamento.<\/p>\n<p>Os professores podem denunciar as escolas que est\u00e3o com calend\u00e1rios de recesso contr\u00e1rios aos dias 23 de junho e 7 de julho.<\/p>\n<p><strong>Como isso pode ser feito?<\/strong><\/p>\n<p>De forma an\u00f4nima atrav\u00e9s dos seguintes canais de comunica\u00e7\u00e3o:<\/p>\n<p><strong>Telefone &#8211;<\/strong>\u00a0(82)3313-3607<\/p>\n<p><strong>Ouvidoria &#8211;<\/strong> <a href=\"http:\/\/sinpro-al.com.br\/v2\/?page_id=1030\">http:\/\/sinpro-al.com.br\/v2\/?page_id=1030<\/a><\/p>\n<p><strong>Rede social (inbox)<\/strong> &#8211; <a href=\"https:\/\/www.facebook.com\/Sindicato-dos-Professores-do-Estado-de-Alagoas-172438799538660\/\">https:\/\/www.facebook.com\/Sindicato-dos-Professores-do-Estado-de-Alagoas-172438799538660\/<\/a><\/p>\n<p>Somos professores com orgulho e exigimos respeito!<\/p>\n","protected":false},"excerpt":{"rendered":"<p>O per\u00edodo de recesso das institui\u00e7\u00f5es de ensino b\u00e1sico ser\u00e1 entre os dias 23 de junho e 7 de julho. Essa determina\u00e7\u00e3o \u00e9 uma conven\u00e7\u00e3o coletiva formalizado no Tribunal Regional do Trabalho (TRT) entre o Sindicato dos Professores de Alagoas (Sinpro\/AL) e o Sindicato dos Estabelecimentos de Ensino (Sinepe). Os estabelecimentos de ensino que n\u00e3o [&hellip;]<\/p>\n","protected":false},"author":4,"featured_media":4110,"comment_status":"open","ping_status":"open","sticky":false,"template":"","format":"standard","meta":{"footnotes":""},"categories":[4],"tags":[],"class_list":["post-4109","post","type-post","status-publish","format-standard","has-post-thumbnail","hentry","category-noticias-sinpro-al"],"_links":{"self":[{"href":"http:\/\/sinpro-al.com.br\/v2\/index.php?rest_route=\/wp\/v2\/posts\/4109","targetHints":{"allow":["GET"]}}],"collection":[{"href":"http:\/\/sinpro-al.com.br\/v2\/index.php?rest_route=\/wp\/v2\/posts"}],"about":[{"href":"http:\/\/sinpro-al.com.br\/v2\/index.php?rest_route=\/wp\/v2\/types\/post"}],"author":[{"embeddable":true,"href":"http:\/\/sinpro-al.com.br\/v2\/index.php?rest_route=\/wp\/v2\/users\/4"}],"replies":[{"embeddable":true,"href":"http:\/\/sinpro-al.com.br\/v2\/index.php?rest_route=%2Fwp%2Fv2%2Fcomments&post=4109"}],"version-history":[{"count":5,"href":"http:\/\/sinpro-al.com.br\/v2\/index.php?rest_route=\/wp\/v2\/posts\/4109\/revisions"}],"predecessor-version":[{"id":4115,"href":"http:\/\/sinpro-al.com.br\/v2\/index.php?rest_route=\/wp\/v2\/posts\/4109\/revisions\/4115"}],"wp:featuredmedia":[{"embeddable":true,"href":"http:\/\/sinpro-al.com.br\/v2\/index.php?rest_route=\/wp\/v2\/media\/4110"}],"wp:attachment":[{"href":"http:\/\/sinpro-al.com.br\/v2\/index.php?rest_route=%2Fwp%2Fv2%2Fmedia&parent=4109"}],"wp:term":[{"taxonomy":"category","embeddable":true,"href":"http:\/\/sinpro-al.com.br\/v2\/index.php?rest_route=%2Fwp%2Fv2%2Fcategories&post=4109"},{"taxonomy":"post_tag","embeddable":true,"href":"http:\/\/sinpro-al.com.br\/v2\/index.php?rest_route=%2Fwp%2Fv2%2Ftags&post=4109"}],"curies":[{"name":"wp","href":"https:\/\/api.w.org\/{rel}","templated":true}]}}