{"id":4105,"date":"2017-06-08T10:27:14","date_gmt":"2017-06-08T13:27:14","guid":{"rendered":"http:\/\/sinpro-al.com.br\/v2\/?p=4105"},"modified":"2017-06-08T10:28:44","modified_gmt":"2017-06-08T13:28:44","slug":"professores-filiados-ao-sinproal-possuem-desconto-em-workshop-realizado-no-sabado-106","status":"publish","type":"post","link":"http:\/\/sinpro-al.com.br\/v2\/?p=4105","title":{"rendered":"Professores filiados ao Sinpro\/AL possuem desconto em workshop"},"content":{"rendered":"<p><a href=\"http:\/\/sinpro-al.com.br\/v2\/wp-content\/uploads\/2017\/06\/work.jpg\"><img loading=\"lazy\" decoding=\"async\" class=\"alignleft wp-image-4106\" src=\"http:\/\/sinpro-al.com.br\/v2\/wp-content\/uploads\/2017\/06\/work-198x300.jpg\" alt=\"\" width=\"224\" height=\"339\" srcset=\"http:\/\/sinpro-al.com.br\/v2\/wp-content\/uploads\/2017\/06\/work-198x300.jpg 198w, http:\/\/sinpro-al.com.br\/v2\/wp-content\/uploads\/2017\/06\/work.jpg 614w\" sizes=\"auto, (max-width: 224px) 100vw, 224px\" \/><\/a>O workshop Constela\u00e7\u00e3o Familiar &amp; Resolu\u00e7\u00e3o de Conflitos, com a psic\u00f3loga Sonia Onuki e o juiz Cla\u00fadio Lopes, abordar\u00e1 as no\u00e7\u00f5es gerais do m\u00e9todo terap\u00eautico e suas aplicabilidades na resolu\u00e7\u00e3o de conflitos, seja no \u00e2mbito familiar, organizacional ou jur\u00eddico.<\/p>\n<p>O evento ter\u00e1 dura\u00e7\u00e3o de dois turnos, manh\u00e3 e tarde, sendo assunto de interesse de todos, mas principalmente, de terapeutas, psic\u00f3logos, advogados.<\/p>\n<p>Os professores filiados ao Sinpro\/AL possuem 50% de desconto, ou seja, o valor do investimento fica R$ 60,00.<\/p>\n<p>Mais informa\u00e7\u00f5es e inscri\u00e7\u00f5es: 82 9.9823-7000 \/ \u00a0https:\/\/doity.com.br\/constelar<\/p>\n<p><strong>Sobre o Evento:<\/strong><\/p>\n<p>\u201cWorkshop sobre Constela\u00e7\u00f5es Familiares e suas aplicabilidades\u201d<\/p>\n<p><strong>Data:<\/strong>\u00a0S\u00e1bado \u2013 10 de junho de 2017.<\/p>\n<p><strong>Local:<\/strong> Audit\u00f3rio do Edf. It\u00e1lia JTR, Rua Comerci\u00e1rio Jos\u00e9 Pontes de Magalh\u00e3es, 70,\u00a0na Jati\u00faca<\/p>\n<p><strong>Inscri\u00e7\u00f5es:<\/strong>\u00a0R$ 120,00 (profissionais)\u00a0 R$ 60,00 (Estudantes)<\/p>\n<p><strong>Filiado ao Sinpro:<\/strong> R$ 60,00.<\/p>\n<p><strong>Programa\u00e7\u00e3o<\/strong><\/p>\n<p><strong>Manh\u00e3<\/strong><\/p>\n<p><strong>8h<\/strong>\u00a0&#8211;\u00a0<strong>Sonia Onuki<\/strong>\u00a0\u2013 Psic\u00f3loga, Consteladora<\/p>\n<p><strong>Tema:<\/strong>\u00a0O m\u00e9todo das Constela\u00e7\u00f5es Familiares \u2013 Origem e aplicabilidade na fam\u00edlia<strong>\u00a0<\/strong><\/p>\n<p><strong>Viv\u00eancia:<\/strong>\u00a0Um convidado da plateia ser\u00e1 constelado.<strong>\u00a0<\/strong><\/p>\n<p><strong>10h<\/strong>\u00a0Coffee break<\/p>\n<p><strong>\u00a0<\/strong><strong>10h30 &#8211; Sonia Onuki<\/strong><strong>\u00a0<\/strong><\/p>\n<p><strong>Tema:<\/strong>\u00a0Constela\u00e7\u00e3o individual utilizando bonecos<strong>\u00a0<\/strong><\/p>\n<p><strong>Viv\u00eancia:<\/strong>\u00a0Uma pessoa da plateia ser\u00e1 constelada atrav\u00e9s do m\u00e9todo<\/p>\n<p><strong>12h<\/strong>\u00a0Intervalo para almo\u00e7o<\/p>\n<p><strong>\u00a0<\/strong><strong>Tarde<\/strong><\/p>\n<p><strong>\u00a0<\/strong><strong>14h<\/strong>\u00a0\u2013\u00a0<strong>Claudio Jos\u00e9 Gomes Lopes<\/strong>\u00a0\u2013 Juiz da 15\u00aa Vara Criminal, Sub Coordenador do N\u00facleo Permanente de M\u00e9todos Extrajudiciais de Resolu\u00e7\u00e3o de conflitos da comarca de Macei\u00f3-AL.<\/p>\n<p><strong>\u00a0<\/strong><strong>Tema:<\/strong>\u00a0Constela\u00e7\u00e3o Familiar aplicada \u00e0 solu\u00e7\u00e3o de conflitos<\/p>\n<p><strong>\u00a0<\/strong><strong>Viv\u00eancia:<\/strong>\u00a0Constela\u00e7\u00e3o de conflitos<\/p>\n<p><strong>\u00a0<\/strong><strong>15h30<\/strong><strong>\u00a0<\/strong>Coffee break<\/p>\n<p><strong>\u00a0<\/strong><strong>16h<\/strong><strong>\u00a0<\/strong>Mesa Redonda com os facilitadores e outros convidados<\/p>\n<p>&nbsp;<\/p>\n","protected":false},"excerpt":{"rendered":"<p>O workshop Constela\u00e7\u00e3o Familiar &amp; Resolu\u00e7\u00e3o de Conflitos, com a psic\u00f3loga Sonia Onuki e o juiz Cla\u00fadio Lopes, abordar\u00e1 as no\u00e7\u00f5es gerais do m\u00e9todo terap\u00eautico e suas aplicabilidades na resolu\u00e7\u00e3o de conflitos, seja no \u00e2mbito familiar, organizacional ou jur\u00eddico. O evento ter\u00e1 dura\u00e7\u00e3o de dois turnos, manh\u00e3 e tarde, sendo assunto de interesse de todos, [&hellip;]<\/p>\n","protected":false},"author":4,"featured_media":4106,"comment_status":"open","ping_status":"open","sticky":false,"template":"","format":"standard","meta":{"footnotes":""},"categories":[4],"tags":[],"class_list":["post-4105","post","type-post","status-publish","format-standard","has-post-thumbnail","hentry","category-noticias-sinpro-al"],"_links":{"self":[{"href":"http:\/\/sinpro-al.com.br\/v2\/index.php?rest_route=\/wp\/v2\/posts\/4105","targetHints":{"allow":["GET"]}}],"collection":[{"href":"http:\/\/sinpro-al.com.br\/v2\/index.php?rest_route=\/wp\/v2\/posts"}],"about":[{"href":"http:\/\/sinpro-al.com.br\/v2\/index.php?rest_route=\/wp\/v2\/types\/post"}],"author":[{"embeddable":true,"href":"http:\/\/sinpro-al.com.br\/v2\/index.php?rest_route=\/wp\/v2\/users\/4"}],"replies":[{"embeddable":true,"href":"http:\/\/sinpro-al.com.br\/v2\/index.php?rest_route=%2Fwp%2Fv2%2Fcomments&post=4105"}],"version-history":[{"count":2,"href":"http:\/\/sinpro-al.com.br\/v2\/index.php?rest_route=\/wp\/v2\/posts\/4105\/revisions"}],"predecessor-version":[{"id":4108,"href":"http:\/\/sinpro-al.com.br\/v2\/index.php?rest_route=\/wp\/v2\/posts\/4105\/revisions\/4108"}],"wp:featuredmedia":[{"embeddable":true,"href":"http:\/\/sinpro-al.com.br\/v2\/index.php?rest_route=\/wp\/v2\/media\/4106"}],"wp:attachment":[{"href":"http:\/\/sinpro-al.com.br\/v2\/index.php?rest_route=%2Fwp%2Fv2%2Fmedia&parent=4105"}],"wp:term":[{"taxonomy":"category","embeddable":true,"href":"http:\/\/sinpro-al.com.br\/v2\/index.php?rest_route=%2Fwp%2Fv2%2Fcategories&post=4105"},{"taxonomy":"post_tag","embeddable":true,"href":"http:\/\/sinpro-al.com.br\/v2\/index.php?rest_route=%2Fwp%2Fv2%2Ftags&post=4105"}],"curies":[{"name":"wp","href":"https:\/\/api.w.org\/{rel}","templated":true}]}}