{"id":4022,"date":"2017-05-23T10:14:51","date_gmt":"2017-05-23T13:14:51","guid":{"rendered":"http:\/\/sinpro-al.com.br\/v2\/?p=4022"},"modified":"2017-05-23T10:14:51","modified_gmt":"2017-05-23T13:14:51","slug":"sinproal-participara-do-ato-ocupe-brasilia","status":"publish","type":"post","link":"http:\/\/sinpro-al.com.br\/v2\/?p=4022","title":{"rendered":"Sinpro\/AL participar\u00e1 do ato &#8220;Ocupe Bras\u00edlia&#8221;"},"content":{"rendered":"<p><a href=\"http:\/\/sinpro-al.com.br\/v2\/wp-content\/uploads\/2017\/05\/ocupe.jpg\"><img loading=\"lazy\" decoding=\"async\" class=\"alignleft size-medium wp-image-4023\" src=\"http:\/\/sinpro-al.com.br\/v2\/wp-content\/uploads\/2017\/05\/ocupe-281x300.jpg\" alt=\"\" width=\"281\" height=\"300\" srcset=\"http:\/\/sinpro-al.com.br\/v2\/wp-content\/uploads\/2017\/05\/ocupe-281x300.jpg 281w, http:\/\/sinpro-al.com.br\/v2\/wp-content\/uploads\/2017\/05\/ocupe.jpg 640w\" sizes=\"auto, (max-width: 281px) 100vw, 281px\" \/><\/a>O \u00a0diretores do Sindicato dos Professores de Alagoas, Eduardo Vasconcelos e Marcelo Porto, est\u00e3o na Capital Federal para participar do movimento &#8220;Ocupe Bras\u00edlia&#8221;, que ser\u00e1 realizado amanh\u00e3, 24\/5.\u00a0Mais\u00a0de 100 mil trabalhadores \u00a0s\u00e3o esperados no ato unificado com os movimentos populares em defesa dos direitos sociais, trabalhistas e previdenci\u00e1rios.<\/p>\n<p>Durante esta semana, dirigentes sindicais e de movimentos sociais intensificam o corpo a corpo com parlamentares denunciando os malef\u00edcios das reformas pretendidas por Temer. Deputados e senadores est\u00e3o atentos \u00e0s mobiliza\u00e7\u00f5es da classe trabalhadora junto \u00e0s suas bases eleitorais, o que demonstra a efic\u00e1cia do movimento e a forte possibilidade de aumento de votos contra as reformas e de derrota do governo.<\/p>\n<p>A concentra\u00e7\u00e3o do movimento &#8220;Ocupe Bras\u00edlia&#8221; ser\u00e1 no estacionamento do Est\u00e1dio Man\u00e9 Garrincha. No final da tarde a marcha segue para o Congresso Nacional, onde ocorrer\u00e1 o ato pol\u00edtico.<\/p>\n<p>O Sinpro\/AL segue o alinhamento pol\u00edtico de sua Confedera\u00e7\u00e3o e Central, Contee e CTB, respectivamente, em defesa dos direitos dos trabalhadores.<\/p>\n<p>Somos professores com orgulho \u00a0e exigimos respeito!<\/p>\n","protected":false},"excerpt":{"rendered":"<p>O \u00a0diretores do Sindicato dos Professores de Alagoas, Eduardo Vasconcelos e Marcelo Porto, est\u00e3o na Capital Federal para participar do movimento &#8220;Ocupe Bras\u00edlia&#8221;, que ser\u00e1 realizado amanh\u00e3, 24\/5.\u00a0Mais\u00a0de 100 mil trabalhadores \u00a0s\u00e3o esperados no ato unificado com os movimentos populares em defesa dos direitos sociais, trabalhistas e previdenci\u00e1rios. Durante esta semana, dirigentes sindicais e de [&hellip;]<\/p>\n","protected":false},"author":4,"featured_media":4023,"comment_status":"open","ping_status":"open","sticky":false,"template":"","format":"standard","meta":{"footnotes":""},"categories":[4],"tags":[],"class_list":["post-4022","post","type-post","status-publish","format-standard","has-post-thumbnail","hentry","category-noticias-sinpro-al"],"_links":{"self":[{"href":"http:\/\/sinpro-al.com.br\/v2\/index.php?rest_route=\/wp\/v2\/posts\/4022","targetHints":{"allow":["GET"]}}],"collection":[{"href":"http:\/\/sinpro-al.com.br\/v2\/index.php?rest_route=\/wp\/v2\/posts"}],"about":[{"href":"http:\/\/sinpro-al.com.br\/v2\/index.php?rest_route=\/wp\/v2\/types\/post"}],"author":[{"embeddable":true,"href":"http:\/\/sinpro-al.com.br\/v2\/index.php?rest_route=\/wp\/v2\/users\/4"}],"replies":[{"embeddable":true,"href":"http:\/\/sinpro-al.com.br\/v2\/index.php?rest_route=%2Fwp%2Fv2%2Fcomments&post=4022"}],"version-history":[{"count":1,"href":"http:\/\/sinpro-al.com.br\/v2\/index.php?rest_route=\/wp\/v2\/posts\/4022\/revisions"}],"predecessor-version":[{"id":4024,"href":"http:\/\/sinpro-al.com.br\/v2\/index.php?rest_route=\/wp\/v2\/posts\/4022\/revisions\/4024"}],"wp:featuredmedia":[{"embeddable":true,"href":"http:\/\/sinpro-al.com.br\/v2\/index.php?rest_route=\/wp\/v2\/media\/4023"}],"wp:attachment":[{"href":"http:\/\/sinpro-al.com.br\/v2\/index.php?rest_route=%2Fwp%2Fv2%2Fmedia&parent=4022"}],"wp:term":[{"taxonomy":"category","embeddable":true,"href":"http:\/\/sinpro-al.com.br\/v2\/index.php?rest_route=%2Fwp%2Fv2%2Fcategories&post=4022"},{"taxonomy":"post_tag","embeddable":true,"href":"http:\/\/sinpro-al.com.br\/v2\/index.php?rest_route=%2Fwp%2Fv2%2Ftags&post=4022"}],"curies":[{"name":"wp","href":"https:\/\/api.w.org\/{rel}","templated":true}]}}