{"id":4019,"date":"2017-05-22T23:18:56","date_gmt":"2017-05-23T02:18:56","guid":{"rendered":"http:\/\/sinpro-al.com.br\/v2\/?p=4019"},"modified":"2017-05-22T23:18:56","modified_gmt":"2017-05-23T02:18:56","slug":"forro-do-fesso-eu-vou","status":"publish","type":"post","link":"http:\/\/sinpro-al.com.br\/v2\/?p=4019","title":{"rendered":"Forr\u00f3  do Fess\u00f4, eu vou!"},"content":{"rendered":"<p>O cantor Campina Filho convida voc\u00ea professor (a) para o 7\u00b0 Forr\u00f3 do Fess\u00f4. O evento ser\u00e1 realizado no pr\u00f3xima dia 16\/6, \u00e0s 20h, no sal\u00e3o de festas Data Marcada, no bairro da Serraria.<\/p>\n<div style=\"width: 640px;\" class=\"wp-video\"><!--[if lt IE 9]><script>document.createElement('video');<\/script><![endif]-->\n<video class=\"wp-video-shortcode\" id=\"video-4019-1\" width=\"640\" height=\"480\" preload=\"metadata\" controls=\"controls\"><source type=\"video\/mp4\" src=\"http:\/\/sinpro-al.com.br\/v2\/wp-content\/uploads\/2017\/05\/VID-20170522-WA0523.mp4?_=1\" \/><a href=\"http:\/\/sinpro-al.com.br\/v2\/wp-content\/uploads\/2017\/05\/VID-20170522-WA0523.mp4\">http:\/\/sinpro-al.com.br\/v2\/wp-content\/uploads\/2017\/05\/VID-20170522-WA0523.mp4<\/a><\/video><\/div>\n","protected":false},"excerpt":{"rendered":"<p>O cantor Campina Filho convida voc\u00ea professor (a) para o 7\u00b0 Forr\u00f3 do Fess\u00f4. O evento ser\u00e1 realizado no pr\u00f3xima dia 16\/6, \u00e0s 20h, no sal\u00e3o de festas Data Marcada, no bairro da Serraria.<\/p>\n","protected":false},"author":4,"featured_media":4000,"comment_status":"open","ping_status":"open","sticky":false,"template":"","format":"standard","meta":{"footnotes":""},"categories":[4],"tags":[],"class_list":["post-4019","post","type-post","status-publish","format-standard","has-post-thumbnail","hentry","category-noticias-sinpro-al"],"_links":{"self":[{"href":"http:\/\/sinpro-al.com.br\/v2\/index.php?rest_route=\/wp\/v2\/posts\/4019","targetHints":{"allow":["GET"]}}],"collection":[{"href":"http:\/\/sinpro-al.com.br\/v2\/index.php?rest_route=\/wp\/v2\/posts"}],"about":[{"href":"http:\/\/sinpro-al.com.br\/v2\/index.php?rest_route=\/wp\/v2\/types\/post"}],"author":[{"embeddable":true,"href":"http:\/\/sinpro-al.com.br\/v2\/index.php?rest_route=\/wp\/v2\/users\/4"}],"replies":[{"embeddable":true,"href":"http:\/\/sinpro-al.com.br\/v2\/index.php?rest_route=%2Fwp%2Fv2%2Fcomments&post=4019"}],"version-history":[{"count":1,"href":"http:\/\/sinpro-al.com.br\/v2\/index.php?rest_route=\/wp\/v2\/posts\/4019\/revisions"}],"predecessor-version":[{"id":4021,"href":"http:\/\/sinpro-al.com.br\/v2\/index.php?rest_route=\/wp\/v2\/posts\/4019\/revisions\/4021"}],"wp:featuredmedia":[{"embeddable":true,"href":"http:\/\/sinpro-al.com.br\/v2\/index.php?rest_route=\/wp\/v2\/media\/4000"}],"wp:attachment":[{"href":"http:\/\/sinpro-al.com.br\/v2\/index.php?rest_route=%2Fwp%2Fv2%2Fmedia&parent=4019"}],"wp:term":[{"taxonomy":"category","embeddable":true,"href":"http:\/\/sinpro-al.com.br\/v2\/index.php?rest_route=%2Fwp%2Fv2%2Fcategories&post=4019"},{"taxonomy":"post_tag","embeddable":true,"href":"http:\/\/sinpro-al.com.br\/v2\/index.php?rest_route=%2Fwp%2Fv2%2Ftags&post=4019"}],"curies":[{"name":"wp","href":"https:\/\/api.w.org\/{rel}","templated":true}]}}