{"id":400,"date":"2014-07-14T13:46:24","date_gmt":"2014-07-14T16:46:24","guid":{"rendered":"http:\/\/sinpro-al.com.br\/v2\/?p=400"},"modified":"2014-09-22T11:06:01","modified_gmt":"2014-09-22T14:06:01","slug":"vice-presidente-do-sinpro-al-participa-da-posse-do-conselho-municipal-de-educacao-de-maceio","status":"publish","type":"post","link":"http:\/\/sinpro-al.com.br\/v2\/?p=400","title":{"rendered":"Sinpro-AL participa da posse do Conselho Municipal de Educa\u00e7\u00e3o de Macei\u00f3"},"content":{"rendered":"<div id=\"attachment_403\" style=\"width: 310px\" class=\"wp-caption alignright\"><a href=\"http:\/\/sinpro-al.com.br\/v2\/wp-content\/uploads\/2014\/07\/14MA-Posse-Conselho-Mun-Educa\u00e7\u00e3o-1-22-1024x680.jpg\"><img loading=\"lazy\" decoding=\"async\" aria-describedby=\"caption-attachment-403\" class=\"size-medium wp-image-403\" src=\"http:\/\/sinpro-al.com.br\/v2\/wp-content\/uploads\/2014\/07\/14MA-Posse-Conselho-Mun-Educa\u00e7\u00e3o-1-22-1024x680-300x199.jpg\" alt=\"Posso do Novo Conselho de Educa\u00e7\u00e3o de Macei\u00f3 (Foto: Secom Macei\u00f3)\" width=\"300\" height=\"199\" srcset=\"http:\/\/sinpro-al.com.br\/v2\/wp-content\/uploads\/2014\/07\/14MA-Posse-Conselho-Mun-Educa\u00e7\u00e3o-1-22-1024x680-300x199.jpg 300w, http:\/\/sinpro-al.com.br\/v2\/wp-content\/uploads\/2014\/07\/14MA-Posse-Conselho-Mun-Educa\u00e7\u00e3o-1-22-1024x680.jpg 1024w\" sizes=\"auto, (max-width: 300px) 100vw, 300px\" \/><\/a><p id=\"caption-attachment-403\" class=\"wp-caption-text\">Posso do Novo Conselho de Educa\u00e7\u00e3o de Macei\u00f3 (Foto: Secom Macei\u00f3)<\/p><\/div>\n<p>O Sindicato dos Professores de Alagoas (Sinpro-AL) participou na manh\u00e3 desta segunda-feira (14) da posse dos novos membros do Conselho Municipal de Educa\u00e7\u00e3o de Macei\u00f3. O evento aconteceu no audit\u00f3rio da Casa da Ind\u00fastria e contou com diversas autoridades.<\/p>\n<p>Para o vice-presidente esse \u00e9 mais um espa\u00e7o de discuss\u00e3o e desenvolvimento da Educa\u00e7\u00e3o. &#8220;O Sinpro-AL est\u00e1 presente e fazendo parte dessa comiss\u00e3o. Lutando cada vez mais pela qualidade na Educa\u00e7\u00e3o&#8221;, disse Vasconcelos.<\/p>\n<p>O Conselho de Educa\u00e7\u00e3o \u00e9 um \u00f3rg\u00e3o colegiado, de car\u00e1ter normativo, consultivo, deliberativo, fiscalizador e de controle social do Sistema Municipal de Ensino, estando integrado ao Conselho do Fundo de Manuten\u00e7\u00e3o e Desenvolvimento da Educa\u00e7\u00e3o B\u00e1sica e de Valoriza\u00e7\u00e3o dos Profissionais da Educa\u00e7\u00e3o (FUNDEB). Ele visa contribuir para a democratiza\u00e7\u00e3o da gest\u00e3o educacional do Munic\u00edpio de Macei\u00f3, atuando na defesa do direito de todos \u00e0 educa\u00e7\u00e3o de qualidade, sendo, tamb\u00e9m, respons\u00e1vel por quest\u00f5es ligadas ao padr\u00e3o de qualidade da educa\u00e7\u00e3o p\u00fablica municipal.<\/p>\n<p>COMED<\/p>\n<p>O Conselho Municipal de Educa\u00e7\u00e3o de Macei\u00f3 (Comed) foi institu\u00eddo pela Lei Org\u00e2nica do Munic\u00edpio de Macei\u00f3, n\u00ba 4.401, de 30 de dezembro de 1994, reformulado pelas Leis Municipais n\u00ba 5.133, de 20 de junho de 2001 e n\u00ba 5137, de 16 de julho de 2001, n\u00ba 5.622 de 24 de Julho de 2007, n\u00ba 6.025, de 16 de maio de 2011 e regulamentado em Regimento Interno.<\/p>\n","protected":false},"excerpt":{"rendered":"<p>O Sindicato dos Professores de Alagoas (Sinpro-AL) participou na manh\u00e3 desta segunda-feira (14) da posse dos novos membros do Conselho Municipal de Educa\u00e7\u00e3o de Macei\u00f3. O evento aconteceu no audit\u00f3rio da Casa da Ind\u00fastria e contou com diversas autoridades. Para o vice-presidente esse \u00e9 mais um espa\u00e7o de discuss\u00e3o e desenvolvimento da Educa\u00e7\u00e3o. &#8220;O Sinpro-AL [&hellip;]<\/p>\n","protected":false},"author":4,"featured_media":0,"comment_status":"open","ping_status":"open","sticky":false,"template":"","format":"standard","meta":{"footnotes":""},"categories":[18,4],"tags":[],"class_list":["post-400","post","type-post","status-publish","format-standard","hentry","category-alagoas","category-noticias-sinpro-al"],"_links":{"self":[{"href":"http:\/\/sinpro-al.com.br\/v2\/index.php?rest_route=\/wp\/v2\/posts\/400","targetHints":{"allow":["GET"]}}],"collection":[{"href":"http:\/\/sinpro-al.com.br\/v2\/index.php?rest_route=\/wp\/v2\/posts"}],"about":[{"href":"http:\/\/sinpro-al.com.br\/v2\/index.php?rest_route=\/wp\/v2\/types\/post"}],"author":[{"embeddable":true,"href":"http:\/\/sinpro-al.com.br\/v2\/index.php?rest_route=\/wp\/v2\/users\/4"}],"replies":[{"embeddable":true,"href":"http:\/\/sinpro-al.com.br\/v2\/index.php?rest_route=%2Fwp%2Fv2%2Fcomments&post=400"}],"version-history":[{"count":4,"href":"http:\/\/sinpro-al.com.br\/v2\/index.php?rest_route=\/wp\/v2\/posts\/400\/revisions"}],"predecessor-version":[{"id":463,"href":"http:\/\/sinpro-al.com.br\/v2\/index.php?rest_route=\/wp\/v2\/posts\/400\/revisions\/463"}],"wp:attachment":[{"href":"http:\/\/sinpro-al.com.br\/v2\/index.php?rest_route=%2Fwp%2Fv2%2Fmedia&parent=400"}],"wp:term":[{"taxonomy":"category","embeddable":true,"href":"http:\/\/sinpro-al.com.br\/v2\/index.php?rest_route=%2Fwp%2Fv2%2Fcategories&post=400"},{"taxonomy":"post_tag","embeddable":true,"href":"http:\/\/sinpro-al.com.br\/v2\/index.php?rest_route=%2Fwp%2Fv2%2Ftags&post=400"}],"curies":[{"name":"wp","href":"https:\/\/api.w.org\/{rel}","templated":true}]}}