{"id":398,"date":"2014-07-14T13:31:17","date_gmt":"2014-07-14T16:31:17","guid":{"rendered":"http:\/\/sinpro-al.com.br\/v2\/?p=398"},"modified":"2014-07-16T11:23:43","modified_gmt":"2014-07-16T14:23:43","slug":"sinpro-al-participa-de-audiencia-no-ministerio-do-trabalho","status":"publish","type":"post","link":"http:\/\/sinpro-al.com.br\/v2\/?p=398","title":{"rendered":"Sinpro-AL participa de audi\u00eancia no Minist\u00e9rio do Trabalho"},"content":{"rendered":"<p>Na \u00faltima sexta-feira (11) a diretoria do Sindicato dos Professores de Alagoas (Sinpro-AL) participou de uma reuni\u00e3o com representantes do sindicato patronal no Minist\u00e9rio do Trabalho (MT). O objetivo era negociar o reajuste salarial e a unifica\u00e7\u00e3o do calend\u00e1rio das f\u00e9rias.<\/p>\n<p>Por\u00e9m mais uma vez n\u00e3o houve negocia\u00e7\u00e3o por parte das escolas e uma assembleia geral ser\u00e1 marcada com todos os professores para decidir as futuras a\u00e7\u00f5es.<\/p>\n","protected":false},"excerpt":{"rendered":"<p>Na \u00faltima sexta-feira (11) a diretoria do Sindicato dos Professores de Alagoas (Sinpro-AL) participou de uma reuni\u00e3o com representantes do sindicato patronal no Minist\u00e9rio do Trabalho (MT). O objetivo era negociar o reajuste salarial e a unifica\u00e7\u00e3o do calend\u00e1rio das f\u00e9rias. Por\u00e9m mais uma vez n\u00e3o houve negocia\u00e7\u00e3o por parte das escolas e uma assembleia [&hellip;]<\/p>\n","protected":false},"author":4,"featured_media":0,"comment_status":"open","ping_status":"open","sticky":false,"template":"","format":"standard","meta":{"footnotes":""},"categories":[1],"tags":[],"class_list":["post-398","post","type-post","status-publish","format-standard","hentry","category-sem-categoria"],"_links":{"self":[{"href":"http:\/\/sinpro-al.com.br\/v2\/index.php?rest_route=\/wp\/v2\/posts\/398","targetHints":{"allow":["GET"]}}],"collection":[{"href":"http:\/\/sinpro-al.com.br\/v2\/index.php?rest_route=\/wp\/v2\/posts"}],"about":[{"href":"http:\/\/sinpro-al.com.br\/v2\/index.php?rest_route=\/wp\/v2\/types\/post"}],"author":[{"embeddable":true,"href":"http:\/\/sinpro-al.com.br\/v2\/index.php?rest_route=\/wp\/v2\/users\/4"}],"replies":[{"embeddable":true,"href":"http:\/\/sinpro-al.com.br\/v2\/index.php?rest_route=%2Fwp%2Fv2%2Fcomments&post=398"}],"version-history":[{"count":2,"href":"http:\/\/sinpro-al.com.br\/v2\/index.php?rest_route=\/wp\/v2\/posts\/398\/revisions"}],"predecessor-version":[{"id":406,"href":"http:\/\/sinpro-al.com.br\/v2\/index.php?rest_route=\/wp\/v2\/posts\/398\/revisions\/406"}],"wp:attachment":[{"href":"http:\/\/sinpro-al.com.br\/v2\/index.php?rest_route=%2Fwp%2Fv2%2Fmedia&parent=398"}],"wp:term":[{"taxonomy":"category","embeddable":true,"href":"http:\/\/sinpro-al.com.br\/v2\/index.php?rest_route=%2Fwp%2Fv2%2Fcategories&post=398"},{"taxonomy":"post_tag","embeddable":true,"href":"http:\/\/sinpro-al.com.br\/v2\/index.php?rest_route=%2Fwp%2Fv2%2Ftags&post=398"}],"curies":[{"name":"wp","href":"https:\/\/api.w.org\/{rel}","templated":true}]}}