{"id":3969,"date":"2017-05-08T12:04:23","date_gmt":"2017-05-08T15:04:23","guid":{"rendered":"http:\/\/sinpro-al.com.br\/v2\/?p=3969"},"modified":"2017-05-08T12:06:37","modified_gmt":"2017-05-08T15:06:37","slug":"7-forro-do-fesso-ja-tem-data-e-hora-marcada","status":"publish","type":"post","link":"http:\/\/sinpro-al.com.br\/v2\/?p=3969","title":{"rendered":"7\u00b0 Forr\u00f3 do Fess\u00f4 j\u00e1 tem data e hora marcada"},"content":{"rendered":"<div id=\"attachment_3970\" style=\"width: 310px\" class=\"wp-caption alignleft\"><a href=\"http:\/\/sinpro-al.com.br\/v2\/wp-content\/uploads\/2017\/05\/socorro-maze-terraco.jpg\"><img loading=\"lazy\" decoding=\"async\" aria-describedby=\"caption-attachment-3970\" class=\"wp-image-3970 size-medium\" src=\"http:\/\/sinpro-al.com.br\/v2\/wp-content\/uploads\/2017\/05\/socorro-maze-terraco-300x215.jpg\" alt=\"\" width=\"300\" height=\"215\" srcset=\"http:\/\/sinpro-al.com.br\/v2\/wp-content\/uploads\/2017\/05\/socorro-maze-terraco-300x215.jpg 300w, http:\/\/sinpro-al.com.br\/v2\/wp-content\/uploads\/2017\/05\/socorro-maze-terraco.jpg 560w\" sizes=\"auto, (max-width: 300px) 100vw, 300px\" \/><\/a><p id=\"caption-attachment-3970\" class=\"wp-caption-text\">Uma das atra\u00e7\u00f5es do Forr\u00f3 do Fess\u00f4, a dupla Socorro e Maz\u00e9<\/p><\/div>\n<p>O Sindicato dos Professores de Alagoas (Sinpro\/AL) realiza no pr\u00f3ximo dia 16 de junho o tradicional Forr\u00f3 do Fess\u00f4. O evento ir\u00e1 ocorrer no sal\u00e3o de festa Data Marcada, localizado na Serraria, em Macei\u00f3.<\/p>\n<p>As atra\u00e7\u00f5es musicais ficar\u00e3o por conta do cantor \u201cD\u00e9 Boy Nascimento\u201d, \u201cCapina Filho\u201d e a dupla \u201cSocorro e Maz\u00e9\u201d, essa \u00faltima direto de Pernambuco.<\/p>\n<p>A festan\u00e7a come\u00e7a \u00e0s 20h e voc\u00ea professor (a) \u00e9 nosso (a) convidado (a).<\/p>\n<p>O 7\u00b0 Forr\u00f3 do Fess\u00f4 contar\u00e1 com muito arrasta p\u00e9, comidas t\u00edpicas, in\u00fameras barracas e v\u00e1rios sorteios de brindes.<\/p>\n<p>Professor (a), voc\u00ea n\u00e3o pode ficar e fora!<\/p>\n","protected":false},"excerpt":{"rendered":"<p>O Sindicato dos Professores de Alagoas (Sinpro\/AL) realiza no pr\u00f3ximo dia 16 de junho o tradicional Forr\u00f3 do Fess\u00f4. O evento ir\u00e1 ocorrer no sal\u00e3o de festa Data Marcada, localizado na Serraria, em Macei\u00f3. As atra\u00e7\u00f5es musicais ficar\u00e3o por conta do cantor \u201cD\u00e9 Boy Nascimento\u201d, \u201cCapina Filho\u201d e a dupla \u201cSocorro e Maz\u00e9\u201d, essa \u00faltima [&hellip;]<\/p>\n","protected":false},"author":4,"featured_media":3970,"comment_status":"open","ping_status":"open","sticky":false,"template":"","format":"standard","meta":{"footnotes":""},"categories":[4,1],"tags":[],"class_list":["post-3969","post","type-post","status-publish","format-standard","has-post-thumbnail","hentry","category-noticias-sinpro-al","category-sem-categoria"],"_links":{"self":[{"href":"http:\/\/sinpro-al.com.br\/v2\/index.php?rest_route=\/wp\/v2\/posts\/3969","targetHints":{"allow":["GET"]}}],"collection":[{"href":"http:\/\/sinpro-al.com.br\/v2\/index.php?rest_route=\/wp\/v2\/posts"}],"about":[{"href":"http:\/\/sinpro-al.com.br\/v2\/index.php?rest_route=\/wp\/v2\/types\/post"}],"author":[{"embeddable":true,"href":"http:\/\/sinpro-al.com.br\/v2\/index.php?rest_route=\/wp\/v2\/users\/4"}],"replies":[{"embeddable":true,"href":"http:\/\/sinpro-al.com.br\/v2\/index.php?rest_route=%2Fwp%2Fv2%2Fcomments&post=3969"}],"version-history":[{"count":1,"href":"http:\/\/sinpro-al.com.br\/v2\/index.php?rest_route=\/wp\/v2\/posts\/3969\/revisions"}],"predecessor-version":[{"id":3971,"href":"http:\/\/sinpro-al.com.br\/v2\/index.php?rest_route=\/wp\/v2\/posts\/3969\/revisions\/3971"}],"wp:featuredmedia":[{"embeddable":true,"href":"http:\/\/sinpro-al.com.br\/v2\/index.php?rest_route=\/wp\/v2\/media\/3970"}],"wp:attachment":[{"href":"http:\/\/sinpro-al.com.br\/v2\/index.php?rest_route=%2Fwp%2Fv2%2Fmedia&parent=3969"}],"wp:term":[{"taxonomy":"category","embeddable":true,"href":"http:\/\/sinpro-al.com.br\/v2\/index.php?rest_route=%2Fwp%2Fv2%2Fcategories&post=3969"},{"taxonomy":"post_tag","embeddable":true,"href":"http:\/\/sinpro-al.com.br\/v2\/index.php?rest_route=%2Fwp%2Fv2%2Ftags&post=3969"}],"curies":[{"name":"wp","href":"https:\/\/api.w.org\/{rel}","templated":true}]}}