{"id":3966,"date":"2017-05-08T11:40:48","date_gmt":"2017-05-08T14:40:48","guid":{"rendered":"http:\/\/sinpro-al.com.br\/v2\/?p=3966"},"modified":"2017-05-08T11:40:48","modified_gmt":"2017-05-08T14:40:48","slug":"professores-prestigiam-palestra-sobre-saude-vocal","status":"publish","type":"post","link":"http:\/\/sinpro-al.com.br\/v2\/?p=3966","title":{"rendered":"Professores prestigiam palestra sobre sa\u00fade vocal"},"content":{"rendered":"<div id=\"attachment_3967\" style=\"width: 310px\" class=\"wp-caption alignleft\"><a href=\"http:\/\/sinpro-al.com.br\/v2\/wp-content\/uploads\/2017\/05\/voz-1.jpg\"><img loading=\"lazy\" decoding=\"async\" aria-describedby=\"caption-attachment-3967\" class=\"wp-image-3967 size-medium\" src=\"http:\/\/sinpro-al.com.br\/v2\/wp-content\/uploads\/2017\/05\/voz-1-300x295.jpg\" alt=\"\" width=\"300\" height=\"295\" srcset=\"http:\/\/sinpro-al.com.br\/v2\/wp-content\/uploads\/2017\/05\/voz-1-300x295.jpg 300w, http:\/\/sinpro-al.com.br\/v2\/wp-content\/uploads\/2017\/05\/voz-1-768x756.jpg 768w, http:\/\/sinpro-al.com.br\/v2\/wp-content\/uploads\/2017\/05\/voz-1-1024x1008.jpg 1024w, http:\/\/sinpro-al.com.br\/v2\/wp-content\/uploads\/2017\/05\/voz-1-45x45.jpg 45w, http:\/\/sinpro-al.com.br\/v2\/wp-content\/uploads\/2017\/05\/voz-1.jpg 1280w\" sizes=\"auto, (max-width: 300px) 100vw, 300px\" \/><\/a><p id=\"caption-attachment-3967\" class=\"wp-caption-text\">Vasconcelos, Gabriela e Marcos<\/p><\/div>\n<p>Professores e estudantes (pedagogia e licenciaturas) prestigiaram a palestra: \u201cProfessor, saiba como cuida da sua voz\u201d organizada pelo Sindicato dos Professores de Alagoas (Sinpro\/AL).<\/p>\n<p>O evento ocorreu no audit\u00f3rio da Adufal, no bairro do Farol, em Macei\u00f3, e contou com a presen\u00e7a de dezenas de educadores.<\/p>\n<p>As palestras foram proferidas pela Dra Gabriela S\u00f3stenes (fonoaudiologia) e pelo Dr Marcos Melo (otorrinolaringologista).<\/p>\n<p>O presidente do Sinpro\/AL, Eduardo Vasconcelos, parabenizou a tem\u00e1tica colocada pelos doutores e destacou a import\u00e2ncia da informa\u00e7\u00e3o como instrumento da preven\u00e7\u00e3o para sa\u00fade dos docentes<\/p>\n<p>Somos professores com orgulho e exigimos respeito!<\/p>\n","protected":false},"excerpt":{"rendered":"<p>Professores e estudantes (pedagogia e licenciaturas) prestigiaram a palestra: \u201cProfessor, saiba como cuida da sua voz\u201d organizada pelo Sindicato dos Professores de Alagoas (Sinpro\/AL). O evento ocorreu no audit\u00f3rio da Adufal, no bairro do Farol, em Macei\u00f3, e contou com a presen\u00e7a de dezenas de educadores. As palestras foram proferidas pela Dra Gabriela S\u00f3stenes (fonoaudiologia) [&hellip;]<\/p>\n","protected":false},"author":4,"featured_media":3967,"comment_status":"open","ping_status":"open","sticky":false,"template":"","format":"standard","meta":{"footnotes":""},"categories":[4],"tags":[],"class_list":["post-3966","post","type-post","status-publish","format-standard","has-post-thumbnail","hentry","category-noticias-sinpro-al"],"_links":{"self":[{"href":"http:\/\/sinpro-al.com.br\/v2\/index.php?rest_route=\/wp\/v2\/posts\/3966","targetHints":{"allow":["GET"]}}],"collection":[{"href":"http:\/\/sinpro-al.com.br\/v2\/index.php?rest_route=\/wp\/v2\/posts"}],"about":[{"href":"http:\/\/sinpro-al.com.br\/v2\/index.php?rest_route=\/wp\/v2\/types\/post"}],"author":[{"embeddable":true,"href":"http:\/\/sinpro-al.com.br\/v2\/index.php?rest_route=\/wp\/v2\/users\/4"}],"replies":[{"embeddable":true,"href":"http:\/\/sinpro-al.com.br\/v2\/index.php?rest_route=%2Fwp%2Fv2%2Fcomments&post=3966"}],"version-history":[{"count":1,"href":"http:\/\/sinpro-al.com.br\/v2\/index.php?rest_route=\/wp\/v2\/posts\/3966\/revisions"}],"predecessor-version":[{"id":3968,"href":"http:\/\/sinpro-al.com.br\/v2\/index.php?rest_route=\/wp\/v2\/posts\/3966\/revisions\/3968"}],"wp:featuredmedia":[{"embeddable":true,"href":"http:\/\/sinpro-al.com.br\/v2\/index.php?rest_route=\/wp\/v2\/media\/3967"}],"wp:attachment":[{"href":"http:\/\/sinpro-al.com.br\/v2\/index.php?rest_route=%2Fwp%2Fv2%2Fmedia&parent=3966"}],"wp:term":[{"taxonomy":"category","embeddable":true,"href":"http:\/\/sinpro-al.com.br\/v2\/index.php?rest_route=%2Fwp%2Fv2%2Fcategories&post=3966"},{"taxonomy":"post_tag","embeddable":true,"href":"http:\/\/sinpro-al.com.br\/v2\/index.php?rest_route=%2Fwp%2Fv2%2Ftags&post=3966"}],"curies":[{"name":"wp","href":"https:\/\/api.w.org\/{rel}","templated":true}]}}