{"id":3938,"date":"2017-04-27T12:48:16","date_gmt":"2017-04-27T15:48:16","guid":{"rendered":"http:\/\/sinpro-al.com.br\/v2\/?p=3938"},"modified":"2017-04-27T12:48:16","modified_gmt":"2017-04-27T15:48:16","slug":"nota-publica","status":"publish","type":"post","link":"http:\/\/sinpro-al.com.br\/v2\/?p=3938","title":{"rendered":"NOTA P\u00daBLICA"},"content":{"rendered":"<p>O <strong>MINIST\u00c9RIO P\u00daBLICO DO TRABALHO<\/strong>,\u00a0 considerando a Greve Geral\u00a0 anunciada para \u00a0amanh\u00e3, 28.04.2017, vem a p\u00fablico:<\/p>\n<p>I \u2013 DESTACAR que a Greve \u00e9 um direito fundamental assegurado pela Constitui\u00e7\u00e3o Federal, bem como por Tratados Internacionais de Direitos Humanos ratificados pelo Brasil, \u201ccompetindo aos trabalhadores decidir sobre a oportunidade de exerc\u00ea-lo e sobre os interesses que devam por meio dele defender\u201d ( art. 9\u00ba da CF\/88);<\/p>\n<p>II \u2013 ENFATIZAR a legitimidade dos interesses que se pretende defender por meio da anunciada Greve Geral como movimento justo e adequado de resist\u00eancia dos trabalhadores \u00e0s reformas trabalhista e previdenci\u00e1ria, em tr\u00e2mite a\u00e7odado no Congresso Nacional, diante da aus\u00eancia de consulta efetiva aos representantes dos trabalhadores (Conven\u00e7\u00e3o OIT n. 144);<\/p>\n<p>III \u2013\u00a0 REAFIRMAR a posi\u00e7\u00e3o institucional do Minist\u00e9rio P\u00fablico do Trabalho &#8211; MPT contra as\u00a0 medidas de retirada e enfraquecimento de direitos fundamentais dos trabalhadores contidas no Projeto de Lei que trata da denominada\u00a0 \u201cReforma Trabalhista\u201d, que violam gravemente a Constitui\u00e7\u00e3o Federal de 1988 e Conven\u00e7\u00f5es Fundamentais da Organiza\u00e7\u00e3o Internacional do Trabalho;<\/p>\n<p>IV \u2013\u00a0 RESSALTAR o compromisso institucional do MPT com a defesa dos Direitos Sociais e com a constru\u00e7\u00e3o de uma sociedade livre, justa, solid\u00e1ria e menos desigual.<\/p>\n<p>Bras\u00edlia, 26 de abril de 2017.<\/p>\n<p>RONALDO CURADO FLEURY<br \/>\nProcurador-Geral do Trabalho<\/p>\n","protected":false},"excerpt":{"rendered":"<p>O MINIST\u00c9RIO P\u00daBLICO DO TRABALHO,\u00a0 considerando a Greve Geral\u00a0 anunciada para \u00a0amanh\u00e3, 28.04.2017, vem a p\u00fablico: I \u2013 DESTACAR que a Greve \u00e9 um direito fundamental assegurado pela Constitui\u00e7\u00e3o Federal, bem como por Tratados Internacionais de Direitos Humanos ratificados pelo Brasil, \u201ccompetindo aos trabalhadores decidir sobre a oportunidade de exerc\u00ea-lo e sobre os interesses que [&hellip;]<\/p>\n","protected":false},"author":4,"featured_media":3939,"comment_status":"open","ping_status":"open","sticky":false,"template":"","format":"standard","meta":{"footnotes":""},"categories":[4],"tags":[],"class_list":["post-3938","post","type-post","status-publish","format-standard","has-post-thumbnail","hentry","category-noticias-sinpro-al"],"_links":{"self":[{"href":"http:\/\/sinpro-al.com.br\/v2\/index.php?rest_route=\/wp\/v2\/posts\/3938","targetHints":{"allow":["GET"]}}],"collection":[{"href":"http:\/\/sinpro-al.com.br\/v2\/index.php?rest_route=\/wp\/v2\/posts"}],"about":[{"href":"http:\/\/sinpro-al.com.br\/v2\/index.php?rest_route=\/wp\/v2\/types\/post"}],"author":[{"embeddable":true,"href":"http:\/\/sinpro-al.com.br\/v2\/index.php?rest_route=\/wp\/v2\/users\/4"}],"replies":[{"embeddable":true,"href":"http:\/\/sinpro-al.com.br\/v2\/index.php?rest_route=%2Fwp%2Fv2%2Fcomments&post=3938"}],"version-history":[{"count":1,"href":"http:\/\/sinpro-al.com.br\/v2\/index.php?rest_route=\/wp\/v2\/posts\/3938\/revisions"}],"predecessor-version":[{"id":3940,"href":"http:\/\/sinpro-al.com.br\/v2\/index.php?rest_route=\/wp\/v2\/posts\/3938\/revisions\/3940"}],"wp:featuredmedia":[{"embeddable":true,"href":"http:\/\/sinpro-al.com.br\/v2\/index.php?rest_route=\/wp\/v2\/media\/3939"}],"wp:attachment":[{"href":"http:\/\/sinpro-al.com.br\/v2\/index.php?rest_route=%2Fwp%2Fv2%2Fmedia&parent=3938"}],"wp:term":[{"taxonomy":"category","embeddable":true,"href":"http:\/\/sinpro-al.com.br\/v2\/index.php?rest_route=%2Fwp%2Fv2%2Fcategories&post=3938"},{"taxonomy":"post_tag","embeddable":true,"href":"http:\/\/sinpro-al.com.br\/v2\/index.php?rest_route=%2Fwp%2Fv2%2Ftags&post=3938"}],"curies":[{"name":"wp","href":"https:\/\/api.w.org\/{rel}","templated":true}]}}