{"id":3933,"date":"2017-04-25T18:01:16","date_gmt":"2017-04-25T21:01:16","guid":{"rendered":"http:\/\/sinpro-al.com.br\/v2\/?p=3933"},"modified":"2017-04-25T18:02:11","modified_gmt":"2017-04-25T21:02:11","slug":"na-terca-25-sinproal-ira-para-nova-sede-no-bairro-do-farol","status":"publish","type":"post","link":"http:\/\/sinpro-al.com.br\/v2\/?p=3933","title":{"rendered":"Na ter\u00e7a (2\/5): Sinpro\/AL ir\u00e1 para nova sede no bairro do Farol"},"content":{"rendered":"<div id=\"attachment_3934\" style=\"width: 202px\" class=\"wp-caption alignleft\"><a href=\"http:\/\/sinpro-al.com.br\/v2\/wp-content\/uploads\/2017\/04\/NOVO-ENDERE\u00c7O-SINPRO.jpg\"><img loading=\"lazy\" decoding=\"async\" aria-describedby=\"caption-attachment-3934\" class=\"wp-image-3934 size-medium\" src=\"http:\/\/sinpro-al.com.br\/v2\/wp-content\/uploads\/2017\/04\/NOVO-ENDERE\u00c7O-SINPRO-192x300.jpg\" alt=\"NOVO ENDERE\u00c7O SINPRO\" width=\"192\" height=\"300\" srcset=\"http:\/\/sinpro-al.com.br\/v2\/wp-content\/uploads\/2017\/04\/NOVO-ENDERE\u00c7O-SINPRO-192x300.jpg 192w, http:\/\/sinpro-al.com.br\/v2\/wp-content\/uploads\/2017\/04\/NOVO-ENDERE\u00c7O-SINPRO.jpg 557w\" sizes=\"auto, (max-width: 192px) 100vw, 192px\" \/><\/a><p id=\"caption-attachment-3934\" class=\"wp-caption-text\">Clique para ampliar a imagem<\/p><\/div>\n<p>O Sindicato dos Professores de Alagoas (Sinpro\/AL) visando o bem estar dos professores filiados ir\u00e1 para uma nova sede. O novo pr\u00e9dio fica localizado na Rua Santa Cruz, n\u00famero 352, no bairro do Farol, em Macei\u00f3.\u00a0Na pr\u00f3xima ter\u00e7a-feira, 2\/5, a nova sede j\u00e1 ester\u00e1 acomodando os educadores alagoanos.<\/p>\n<p>Vale ressaltar que as atividades do Sinpro\/AL ainda est\u00e3o sendo realizadas na Rua Saldanha da Gama, 376, Farol.<\/p>\n<p>\u201cA mudan\u00e7a ser\u00e1 para melhor atender os professores. Essa medida est\u00e1 no projeto de melhorias para que o Sindicato dos Professores de Alagoas possa aprimorar sua estrutura e ampliar sua representatividade\u201d, enfatizou o presidente Eduardo Vasconcelos.<\/p>\n<p>Somos professores com orgulho e exigimos respeito!<\/p>\n","protected":false},"excerpt":{"rendered":"<p>O Sindicato dos Professores de Alagoas (Sinpro\/AL) visando o bem estar dos professores filiados ir\u00e1 para uma nova sede. O novo pr\u00e9dio fica localizado na Rua Santa Cruz, n\u00famero 352, no bairro do Farol, em Macei\u00f3.\u00a0Na pr\u00f3xima ter\u00e7a-feira, 2\/5, a nova sede j\u00e1 ester\u00e1 acomodando os educadores alagoanos. Vale ressaltar que as atividades do Sinpro\/AL [&hellip;]<\/p>\n","protected":false},"author":4,"featured_media":3934,"comment_status":"open","ping_status":"open","sticky":false,"template":"","format":"standard","meta":{"footnotes":""},"categories":[4],"tags":[],"class_list":["post-3933","post","type-post","status-publish","format-standard","has-post-thumbnail","hentry","category-noticias-sinpro-al"],"_links":{"self":[{"href":"http:\/\/sinpro-al.com.br\/v2\/index.php?rest_route=\/wp\/v2\/posts\/3933","targetHints":{"allow":["GET"]}}],"collection":[{"href":"http:\/\/sinpro-al.com.br\/v2\/index.php?rest_route=\/wp\/v2\/posts"}],"about":[{"href":"http:\/\/sinpro-al.com.br\/v2\/index.php?rest_route=\/wp\/v2\/types\/post"}],"author":[{"embeddable":true,"href":"http:\/\/sinpro-al.com.br\/v2\/index.php?rest_route=\/wp\/v2\/users\/4"}],"replies":[{"embeddable":true,"href":"http:\/\/sinpro-al.com.br\/v2\/index.php?rest_route=%2Fwp%2Fv2%2Fcomments&post=3933"}],"version-history":[{"count":2,"href":"http:\/\/sinpro-al.com.br\/v2\/index.php?rest_route=\/wp\/v2\/posts\/3933\/revisions"}],"predecessor-version":[{"id":3936,"href":"http:\/\/sinpro-al.com.br\/v2\/index.php?rest_route=\/wp\/v2\/posts\/3933\/revisions\/3936"}],"wp:featuredmedia":[{"embeddable":true,"href":"http:\/\/sinpro-al.com.br\/v2\/index.php?rest_route=\/wp\/v2\/media\/3934"}],"wp:attachment":[{"href":"http:\/\/sinpro-al.com.br\/v2\/index.php?rest_route=%2Fwp%2Fv2%2Fmedia&parent=3933"}],"wp:term":[{"taxonomy":"category","embeddable":true,"href":"http:\/\/sinpro-al.com.br\/v2\/index.php?rest_route=%2Fwp%2Fv2%2Fcategories&post=3933"},{"taxonomy":"post_tag","embeddable":true,"href":"http:\/\/sinpro-al.com.br\/v2\/index.php?rest_route=%2Fwp%2Fv2%2Ftags&post=3933"}],"curies":[{"name":"wp","href":"https:\/\/api.w.org\/{rel}","templated":true}]}}