{"id":3921,"date":"2017-04-20T14:36:31","date_gmt":"2017-04-20T17:36:31","guid":{"rendered":"http:\/\/sinpro-al.com.br\/v2\/?p=3921"},"modified":"2017-04-20T14:36:31","modified_gmt":"2017-04-20T17:36:31","slug":"sinproal-apoia-greve-geral-no-dia-28-de-abril","status":"publish","type":"post","link":"http:\/\/sinpro-al.com.br\/v2\/?p=3921","title":{"rendered":"Sinpro\/AL apoia greve geral no dia 28 de abril"},"content":{"rendered":"<p><a href=\"http:\/\/sinpro-al.com.br\/v2\/wp-content\/uploads\/2017\/04\/28-de-abril.jpg\"><img loading=\"lazy\" decoding=\"async\" class=\"alignleft size-medium wp-image-3922\" src=\"http:\/\/sinpro-al.com.br\/v2\/wp-content\/uploads\/2017\/04\/28-de-abril-300x148.jpg\" alt=\"28 de abril\" width=\"300\" height=\"148\" srcset=\"http:\/\/sinpro-al.com.br\/v2\/wp-content\/uploads\/2017\/04\/28-de-abril-300x148.jpg 300w, http:\/\/sinpro-al.com.br\/v2\/wp-content\/uploads\/2017\/04\/28-de-abril-768x379.jpg 768w, http:\/\/sinpro-al.com.br\/v2\/wp-content\/uploads\/2017\/04\/28-de-abril.jpg 790w\" sizes=\"auto, (max-width: 300px) 100vw, 300px\" \/><\/a>A cada dia se verifica um novo golpe contra as conquistas do povo brasileiro. No atual cen\u00e1rio pol\u00edtico, as reformas da Previd\u00eancia, Trabalhista e a Terceiriza\u00e7\u00e3o s\u00e3o ataques frontais \u00e0 classe trabalhadora.\u00a0\u00a0 Agora os trabalhadores do Brasil se organizam para \u201cGreve Geral\u201d, que ser\u00e1 realizada no dia 28 de abril.<\/p>\n<p>A \u201cGreve Geral\u201d ser\u00e1 a principal batalha contra os ataques \u00e0s conquistas do povo e da classe trabalhadora adquiridas em d\u00e9cadas de luta.<\/p>\n<p>O Sindicato dos Professores de Alagoas (Sinpro\/AL) apoia a \u201cGreve Geral\u201d em defesa dos trabalhadores.<\/p>\n<p>Somos professores com o orgulho e exigimos respeito!<\/p>\n","protected":false},"excerpt":{"rendered":"<p>A cada dia se verifica um novo golpe contra as conquistas do povo brasileiro. No atual cen\u00e1rio pol\u00edtico, as reformas da Previd\u00eancia, Trabalhista e a Terceiriza\u00e7\u00e3o s\u00e3o ataques frontais \u00e0 classe trabalhadora.\u00a0\u00a0 Agora os trabalhadores do Brasil se organizam para \u201cGreve Geral\u201d, que ser\u00e1 realizada no dia 28 de abril. A \u201cGreve Geral\u201d ser\u00e1 a [&hellip;]<\/p>\n","protected":false},"author":4,"featured_media":3922,"comment_status":"open","ping_status":"open","sticky":false,"template":"","format":"standard","meta":{"footnotes":""},"categories":[4],"tags":[],"class_list":["post-3921","post","type-post","status-publish","format-standard","has-post-thumbnail","hentry","category-noticias-sinpro-al"],"_links":{"self":[{"href":"http:\/\/sinpro-al.com.br\/v2\/index.php?rest_route=\/wp\/v2\/posts\/3921","targetHints":{"allow":["GET"]}}],"collection":[{"href":"http:\/\/sinpro-al.com.br\/v2\/index.php?rest_route=\/wp\/v2\/posts"}],"about":[{"href":"http:\/\/sinpro-al.com.br\/v2\/index.php?rest_route=\/wp\/v2\/types\/post"}],"author":[{"embeddable":true,"href":"http:\/\/sinpro-al.com.br\/v2\/index.php?rest_route=\/wp\/v2\/users\/4"}],"replies":[{"embeddable":true,"href":"http:\/\/sinpro-al.com.br\/v2\/index.php?rest_route=%2Fwp%2Fv2%2Fcomments&post=3921"}],"version-history":[{"count":1,"href":"http:\/\/sinpro-al.com.br\/v2\/index.php?rest_route=\/wp\/v2\/posts\/3921\/revisions"}],"predecessor-version":[{"id":3923,"href":"http:\/\/sinpro-al.com.br\/v2\/index.php?rest_route=\/wp\/v2\/posts\/3921\/revisions\/3923"}],"wp:featuredmedia":[{"embeddable":true,"href":"http:\/\/sinpro-al.com.br\/v2\/index.php?rest_route=\/wp\/v2\/media\/3922"}],"wp:attachment":[{"href":"http:\/\/sinpro-al.com.br\/v2\/index.php?rest_route=%2Fwp%2Fv2%2Fmedia&parent=3921"}],"wp:term":[{"taxonomy":"category","embeddable":true,"href":"http:\/\/sinpro-al.com.br\/v2\/index.php?rest_route=%2Fwp%2Fv2%2Fcategories&post=3921"},{"taxonomy":"post_tag","embeddable":true,"href":"http:\/\/sinpro-al.com.br\/v2\/index.php?rest_route=%2Fwp%2Fv2%2Ftags&post=3921"}],"curies":[{"name":"wp","href":"https:\/\/api.w.org\/{rel}","templated":true}]}}