{"id":3914,"date":"2017-04-19T18:01:12","date_gmt":"2017-04-19T21:01:12","guid":{"rendered":"http:\/\/sinpro-al.com.br\/v2\/?p=3914"},"modified":"2017-04-19T18:03:18","modified_gmt":"2017-04-19T21:03:18","slug":"professor-saiba-como-cuidar-da-sua-voz","status":"publish","type":"post","link":"http:\/\/sinpro-al.com.br\/v2\/?p=3914","title":{"rendered":"Professor, saiba como cuidar da sua voz"},"content":{"rendered":"<div id=\"attachment_3915\" style=\"width: 222px\" class=\"wp-caption alignleft\"><a href=\"http:\/\/sinpro-al.com.br\/v2\/wp-content\/uploads\/2017\/04\/professor.jpg\"><img loading=\"lazy\" decoding=\"async\" aria-describedby=\"caption-attachment-3915\" class=\"wp-image-3915 size-medium\" src=\"http:\/\/sinpro-al.com.br\/v2\/wp-content\/uploads\/2017\/04\/professor-212x300.jpg\" alt=\"professor\" width=\"212\" height=\"300\" srcset=\"http:\/\/sinpro-al.com.br\/v2\/wp-content\/uploads\/2017\/04\/professor-212x300.jpg 212w, http:\/\/sinpro-al.com.br\/v2\/wp-content\/uploads\/2017\/04\/professor-768x1086.jpg 768w, http:\/\/sinpro-al.com.br\/v2\/wp-content\/uploads\/2017\/04\/professor-724x1024.jpg 724w, http:\/\/sinpro-al.com.br\/v2\/wp-content\/uploads\/2017\/04\/professor.jpg 878w\" sizes=\"auto, (max-width: 212px) 100vw, 212px\" \/><\/a><p id=\"caption-attachment-3915\" class=\"wp-caption-text\">Clique para ampliar a imagem<\/p><\/div>\n<p>Professores e estudantes (pedagogia e licenciaturas) s\u00e3o convidados do Sindicato dos Professores de Alagoas (Sinpro\/AL) para participarem da palestra: &#8220;Professor, saiba como cuida da sua voz&#8221;.<\/p>\n<p>O evento acontece \u00e0s 19h no audit\u00f3rio da Adufal, que fica\u00a0Rua Dr. Jos\u00e9 de Albuquerque Porci\u00fanculas, 121, no bairro do Farol, em Macei\u00f3.<\/p>\n<p>As palestras ser\u00e3o proferidas pela Dra Gabriela S\u00f3stenes (fonoaudiologia) e pelo Dr Marcos Melo (otorrinolaringologista).<\/p>\n<p>Vale ressaltar que a entrada \u00e9 franca.<\/p>\n<p>Somos professores com orgulho e exigimos respeito!<\/p>\n","protected":false},"excerpt":{"rendered":"<p>Professores e estudantes (pedagogia e licenciaturas) s\u00e3o convidados do Sindicato dos Professores de Alagoas (Sinpro\/AL) para participarem da palestra: &#8220;Professor, saiba como cuida da sua voz&#8221;. O evento acontece \u00e0s 19h no audit\u00f3rio da Adufal, que fica\u00a0Rua Dr. Jos\u00e9 de Albuquerque Porci\u00fanculas, 121, no bairro do Farol, em Macei\u00f3. As palestras ser\u00e3o proferidas pela Dra [&hellip;]<\/p>\n","protected":false},"author":4,"featured_media":3915,"comment_status":"open","ping_status":"open","sticky":false,"template":"","format":"standard","meta":{"footnotes":""},"categories":[4],"tags":[],"class_list":["post-3914","post","type-post","status-publish","format-standard","has-post-thumbnail","hentry","category-noticias-sinpro-al"],"_links":{"self":[{"href":"http:\/\/sinpro-al.com.br\/v2\/index.php?rest_route=\/wp\/v2\/posts\/3914","targetHints":{"allow":["GET"]}}],"collection":[{"href":"http:\/\/sinpro-al.com.br\/v2\/index.php?rest_route=\/wp\/v2\/posts"}],"about":[{"href":"http:\/\/sinpro-al.com.br\/v2\/index.php?rest_route=\/wp\/v2\/types\/post"}],"author":[{"embeddable":true,"href":"http:\/\/sinpro-al.com.br\/v2\/index.php?rest_route=\/wp\/v2\/users\/4"}],"replies":[{"embeddable":true,"href":"http:\/\/sinpro-al.com.br\/v2\/index.php?rest_route=%2Fwp%2Fv2%2Fcomments&post=3914"}],"version-history":[{"count":4,"href":"http:\/\/sinpro-al.com.br\/v2\/index.php?rest_route=\/wp\/v2\/posts\/3914\/revisions"}],"predecessor-version":[{"id":3919,"href":"http:\/\/sinpro-al.com.br\/v2\/index.php?rest_route=\/wp\/v2\/posts\/3914\/revisions\/3919"}],"wp:featuredmedia":[{"embeddable":true,"href":"http:\/\/sinpro-al.com.br\/v2\/index.php?rest_route=\/wp\/v2\/media\/3915"}],"wp:attachment":[{"href":"http:\/\/sinpro-al.com.br\/v2\/index.php?rest_route=%2Fwp%2Fv2%2Fmedia&parent=3914"}],"wp:term":[{"taxonomy":"category","embeddable":true,"href":"http:\/\/sinpro-al.com.br\/v2\/index.php?rest_route=%2Fwp%2Fv2%2Fcategories&post=3914"},{"taxonomy":"post_tag","embeddable":true,"href":"http:\/\/sinpro-al.com.br\/v2\/index.php?rest_route=%2Fwp%2Fv2%2Ftags&post=3914"}],"curies":[{"name":"wp","href":"https:\/\/api.w.org\/{rel}","templated":true}]}}