{"id":3905,"date":"2017-04-18T09:29:05","date_gmt":"2017-04-18T12:29:05","guid":{"rendered":"http:\/\/sinpro-al.com.br\/v2\/?p=3905"},"modified":"2017-04-18T00:17:02","modified_gmt":"2017-04-18T03:17:02","slug":"sinproal-notifica-adventista-por-excesso-de-alunos-em-sala-de-aula","status":"publish","type":"post","link":"http:\/\/sinpro-al.com.br\/v2\/?p=3905","title":{"rendered":"Sinpro\/AL notifica Adventista por excesso de alunos em sala de aula"},"content":{"rendered":"<div id=\"attachment_3906\" style=\"width: 214px\" class=\"wp-caption alignleft\"><a href=\"http:\/\/sinpro-al.com.br\/v2\/wp-content\/uploads\/2017\/04\/sala-de-aula.jpg\"><img loading=\"lazy\" decoding=\"async\" aria-describedby=\"caption-attachment-3906\" class=\"wp-image-3906 size-medium\" src=\"http:\/\/sinpro-al.com.br\/v2\/wp-content\/uploads\/2017\/04\/sala-de-aula-204x300.jpg\" alt=\"sala de aula\" width=\"204\" height=\"300\" srcset=\"http:\/\/sinpro-al.com.br\/v2\/wp-content\/uploads\/2017\/04\/sala-de-aula-204x300.jpg 204w, http:\/\/sinpro-al.com.br\/v2\/wp-content\/uploads\/2017\/04\/sala-de-aula.jpg 335w\" sizes=\"auto, (max-width: 204px) 100vw, 204px\" \/><\/a><p id=\"caption-attachment-3906\" class=\"wp-caption-text\">Clique para ampliar a imagem<\/p><\/div>\n<p>O Sindicato dos Professores de Alagoas (Sinpro\/AL) recebeu uma s\u00e9rie de den\u00fancias dos pais de alunos do col\u00e9gio Adventista, de Macei\u00f3, afirmando que as salas de aula est\u00e3o com excesso de alunos, o que prejudica o aprendizado e a sa\u00fade dos educadores.<\/p>\n<p>Atrav\u00e9s de suas prerrogativas legais, a entidade classista solicitou c\u00f3pias das cadernetas com a listagem dos alunos matriculados no ano de 2017 no col\u00e9gio, para verificar se a irregularidade vem sendo cometida.<\/p>\n<p>O excesso de alunos em sala de aula desrespeita a resolu\u00e7\u00e3o 55\/2002 do Conselho Estadual de Educa\u00e7\u00e3o de Alagoas (CEE\/AL). O estabelecimento de ensino deve se adequar o que determina as regras, caso contr\u00e1rio, o mesmo ser\u00e1 punido.<\/p>\n<p>Somos professores com orgulho e exigimos respeito!<\/p>\n<p>&nbsp;<\/p>\n","protected":false},"excerpt":{"rendered":"<p>O Sindicato dos Professores de Alagoas (Sinpro\/AL) recebeu uma s\u00e9rie de den\u00fancias dos pais de alunos do col\u00e9gio Adventista, de Macei\u00f3, afirmando que as salas de aula est\u00e3o com excesso de alunos, o que prejudica o aprendizado e a sa\u00fade dos educadores. Atrav\u00e9s de suas prerrogativas legais, a entidade classista solicitou c\u00f3pias das cadernetas com [&hellip;]<\/p>\n","protected":false},"author":4,"featured_media":3906,"comment_status":"open","ping_status":"open","sticky":false,"template":"","format":"standard","meta":{"footnotes":""},"categories":[4],"tags":[],"class_list":["post-3905","post","type-post","status-publish","format-standard","has-post-thumbnail","hentry","category-noticias-sinpro-al"],"_links":{"self":[{"href":"http:\/\/sinpro-al.com.br\/v2\/index.php?rest_route=\/wp\/v2\/posts\/3905","targetHints":{"allow":["GET"]}}],"collection":[{"href":"http:\/\/sinpro-al.com.br\/v2\/index.php?rest_route=\/wp\/v2\/posts"}],"about":[{"href":"http:\/\/sinpro-al.com.br\/v2\/index.php?rest_route=\/wp\/v2\/types\/post"}],"author":[{"embeddable":true,"href":"http:\/\/sinpro-al.com.br\/v2\/index.php?rest_route=\/wp\/v2\/users\/4"}],"replies":[{"embeddable":true,"href":"http:\/\/sinpro-al.com.br\/v2\/index.php?rest_route=%2Fwp%2Fv2%2Fcomments&post=3905"}],"version-history":[{"count":1,"href":"http:\/\/sinpro-al.com.br\/v2\/index.php?rest_route=\/wp\/v2\/posts\/3905\/revisions"}],"predecessor-version":[{"id":3907,"href":"http:\/\/sinpro-al.com.br\/v2\/index.php?rest_route=\/wp\/v2\/posts\/3905\/revisions\/3907"}],"wp:featuredmedia":[{"embeddable":true,"href":"http:\/\/sinpro-al.com.br\/v2\/index.php?rest_route=\/wp\/v2\/media\/3906"}],"wp:attachment":[{"href":"http:\/\/sinpro-al.com.br\/v2\/index.php?rest_route=%2Fwp%2Fv2%2Fmedia&parent=3905"}],"wp:term":[{"taxonomy":"category","embeddable":true,"href":"http:\/\/sinpro-al.com.br\/v2\/index.php?rest_route=%2Fwp%2Fv2%2Fcategories&post=3905"},{"taxonomy":"post_tag","embeddable":true,"href":"http:\/\/sinpro-al.com.br\/v2\/index.php?rest_route=%2Fwp%2Fv2%2Ftags&post=3905"}],"curies":[{"name":"wp","href":"https:\/\/api.w.org\/{rel}","templated":true}]}}