{"id":3900,"date":"2017-04-17T23:22:01","date_gmt":"2017-04-18T02:22:01","guid":{"rendered":"http:\/\/sinpro-al.com.br\/v2\/?p=3900"},"modified":"2017-04-17T23:23:30","modified_gmt":"2017-04-18T02:23:30","slug":"pauta-defendida-pelo-sinproal-professores-sao-prioridades-para-imunizacao-contra-gripe","status":"publish","type":"post","link":"http:\/\/sinpro-al.com.br\/v2\/?p=3900","title":{"rendered":"Pauta defendida pelo Sinpro\/AL: professor \u00e9 prioridade para imuniza\u00e7\u00e3o contra gripe"},"content":{"rendered":"<p><a href=\"http:\/\/sinpro-al.com.br\/v2\/wp-content\/uploads\/2017\/04\/h1n1.jpg\"><img loading=\"lazy\" decoding=\"async\" class=\"alignleft size-medium wp-image-3902\" src=\"http:\/\/sinpro-al.com.br\/v2\/wp-content\/uploads\/2017\/04\/h1n1-300x278.jpg\" alt=\"h1n1\" width=\"300\" height=\"278\" srcset=\"http:\/\/sinpro-al.com.br\/v2\/wp-content\/uploads\/2017\/04\/h1n1-300x278.jpg 300w, http:\/\/sinpro-al.com.br\/v2\/wp-content\/uploads\/2017\/04\/h1n1.jpg 547w\" sizes=\"auto, (max-width: 300px) 100vw, 300px\" \/><\/a>A Campanha Nacional de Vacina\u00e7\u00e3o Contra a Influenza come\u00e7ou hoje, 17\/4. Este ano, a novidade \u00e9 a inclus\u00e3o dos professores da rede p\u00fablica e privada no p\u00fablico alvo, com direito a receber a imuniza\u00e7\u00e3o gratuitamente no SUS.<\/p>\n<p>A campanha vai at\u00e9 26 de maio e o dia da mobiliza\u00e7\u00e3o nacional est\u00e1 marcado para o dia 13. A meta \u00e9 vacinar 54,2 milh\u00f5es de pessoas em todo o pa\u00eds.<\/p>\n<p><strong>Aten\u00e7\u00e3o professores<\/strong><\/p>\n<p>Para ter direito a vacina, o profissional deve apresentar seu contracheque e um documento com foto, se dirigir a quaisquer das unidades b\u00e1sicas de sa\u00fade do munic\u00edpio, de segunda a sexta-feira, das 08h \u00e0s 12h e das 14h \u00e0s 17h.<\/p>\n<p><strong>Vacina protege contra tr\u00eas subtipos<\/strong><\/p>\n<p>A vacina dispon\u00edvel no SUS protege contra os tr\u00eas subtipos do v\u00edrus da gripe que mais circularam no pa\u00eds: A\/H1N1; A\/H3N2 e influenza B. Segundo o Minist\u00e9rio da Sa\u00fade, 60 milh\u00f5es de doses de vacinas foram adquiridas, das quais 21,1 milh\u00f5es de doses j\u00e1 foram distribu\u00eddas aos estados.<\/p>\n<p>Os grupos priorit\u00e1rios devem se vacinar todos os anos, j\u00e1 que a imunidade contra os v\u00edrus cai progressivamente. Al\u00e9m disso, o v\u00edrus da gripe passa por muta\u00e7\u00f5es frequentes. Por isso, todo ano, a Organiza\u00e7\u00e3o Mundial da Sa\u00fade (OMS) faz uma previs\u00e3o de quais ser\u00e3o os v\u00edrus Influenza que devem circular no inverno do hemisf\u00e9rio norte e do hemisf\u00e9rio sul com base em amostras de pacientes coletadas em centros sentinela distribu\u00eddos em todo o mundo.<\/p>\n<p><strong>Pleito do Sinpro\/AL<\/strong><\/p>\n<p>Ainda em 2016, o presidente do Sindicato dos Professores de Alagoas (Sinpro\/AL), Eduardo Vasconcelos, encaminhou ao governador Renan Filho uma solicita\u00e7\u00e3o de inclus\u00e3o dos professores da rede privada e p\u00fablica no grupo de risco para vacina\u00e7\u00e3o contra o v\u00edrus H1N1. A medida solicitava que o governador fizesse uma interven\u00e7\u00e3o junto \u00e0 Secretaria de Sa\u00fade para que os educadores estivessem no grupo de risco.<\/p>\n<p>Documento encaminhado ao governador:<\/p>\n<div id=\"attachment_3901\" style=\"width: 242px\" class=\"wp-caption alignleft\"><a href=\"http:\/\/sinpro-al.com.br\/v2\/wp-content\/uploads\/2017\/04\/doc-h1n1.jpeg\"><img loading=\"lazy\" decoding=\"async\" aria-describedby=\"caption-attachment-3901\" class=\"wp-image-3901\" src=\"http:\/\/sinpro-al.com.br\/v2\/wp-content\/uploads\/2017\/04\/doc-h1n1-216x300.jpeg\" alt=\"doc h1n1\" width=\"232\" height=\"322\" srcset=\"http:\/\/sinpro-al.com.br\/v2\/wp-content\/uploads\/2017\/04\/doc-h1n1-216x300.jpeg 216w, http:\/\/sinpro-al.com.br\/v2\/wp-content\/uploads\/2017\/04\/doc-h1n1-768x1065.jpeg 768w, http:\/\/sinpro-al.com.br\/v2\/wp-content\/uploads\/2017\/04\/doc-h1n1-738x1024.jpeg 738w\" sizes=\"auto, (max-width: 232px) 100vw, 232px\" \/><\/a><p id=\"caption-attachment-3901\" class=\"wp-caption-text\">Clique para ampliar a imagem<\/p><\/div>\n","protected":false},"excerpt":{"rendered":"<p>A Campanha Nacional de Vacina\u00e7\u00e3o Contra a Influenza come\u00e7ou hoje, 17\/4. Este ano, a novidade \u00e9 a inclus\u00e3o dos professores da rede p\u00fablica e privada no p\u00fablico alvo, com direito a receber a imuniza\u00e7\u00e3o gratuitamente no SUS. A campanha vai at\u00e9 26 de maio e o dia da mobiliza\u00e7\u00e3o nacional est\u00e1 marcado para o dia [&hellip;]<\/p>\n","protected":false},"author":4,"featured_media":3902,"comment_status":"open","ping_status":"open","sticky":false,"template":"","format":"standard","meta":{"footnotes":""},"categories":[4],"tags":[],"class_list":["post-3900","post","type-post","status-publish","format-standard","has-post-thumbnail","hentry","category-noticias-sinpro-al"],"_links":{"self":[{"href":"http:\/\/sinpro-al.com.br\/v2\/index.php?rest_route=\/wp\/v2\/posts\/3900","targetHints":{"allow":["GET"]}}],"collection":[{"href":"http:\/\/sinpro-al.com.br\/v2\/index.php?rest_route=\/wp\/v2\/posts"}],"about":[{"href":"http:\/\/sinpro-al.com.br\/v2\/index.php?rest_route=\/wp\/v2\/types\/post"}],"author":[{"embeddable":true,"href":"http:\/\/sinpro-al.com.br\/v2\/index.php?rest_route=\/wp\/v2\/users\/4"}],"replies":[{"embeddable":true,"href":"http:\/\/sinpro-al.com.br\/v2\/index.php?rest_route=%2Fwp%2Fv2%2Fcomments&post=3900"}],"version-history":[{"count":2,"href":"http:\/\/sinpro-al.com.br\/v2\/index.php?rest_route=\/wp\/v2\/posts\/3900\/revisions"}],"predecessor-version":[{"id":3904,"href":"http:\/\/sinpro-al.com.br\/v2\/index.php?rest_route=\/wp\/v2\/posts\/3900\/revisions\/3904"}],"wp:featuredmedia":[{"embeddable":true,"href":"http:\/\/sinpro-al.com.br\/v2\/index.php?rest_route=\/wp\/v2\/media\/3902"}],"wp:attachment":[{"href":"http:\/\/sinpro-al.com.br\/v2\/index.php?rest_route=%2Fwp%2Fv2%2Fmedia&parent=3900"}],"wp:term":[{"taxonomy":"category","embeddable":true,"href":"http:\/\/sinpro-al.com.br\/v2\/index.php?rest_route=%2Fwp%2Fv2%2Fcategories&post=3900"},{"taxonomy":"post_tag","embeddable":true,"href":"http:\/\/sinpro-al.com.br\/v2\/index.php?rest_route=%2Fwp%2Fv2%2Ftags&post=3900"}],"curies":[{"name":"wp","href":"https:\/\/api.w.org\/{rel}","templated":true}]}}