{"id":3890,"date":"2017-04-12T22:54:59","date_gmt":"2017-04-13T01:54:59","guid":{"rendered":"http:\/\/sinpro-al.com.br\/v2\/?p=3890"},"modified":"2017-04-12T22:57:38","modified_gmt":"2017-04-13T01:57:38","slug":"edital-de-convocacao-3","status":"publish","type":"post","link":"http:\/\/sinpro-al.com.br\/v2\/?p=3890","title":{"rendered":"EDITAL DE CONVOCA\u00c7\u00c3O"},"content":{"rendered":"<div id=\"attachment_3361\" style=\"width: 310px\" class=\"wp-caption alignleft\"><a href=\"http:\/\/sinpro-al.com.br\/v2\/wp-content\/uploads\/2016\/11\/assembleia-extra-1.jpg\"><img loading=\"lazy\" decoding=\"async\" aria-describedby=\"caption-attachment-3361\" class=\"size-medium wp-image-3361\" src=\"http:\/\/sinpro-al.com.br\/v2\/wp-content\/uploads\/2016\/11\/assembleia-extra-1-300x294.jpg\" alt=\"19\/11: Assembleia dos professores do ensino superior vai decidir reajuste salaria \" width=\"300\" height=\"294\" srcset=\"http:\/\/sinpro-al.com.br\/v2\/wp-content\/uploads\/2016\/11\/assembleia-extra-1-300x294.jpg 300w, http:\/\/sinpro-al.com.br\/v2\/wp-content\/uploads\/2016\/11\/assembleia-extra-1-768x753.jpg 768w, http:\/\/sinpro-al.com.br\/v2\/wp-content\/uploads\/2016\/11\/assembleia-extra-1-45x45.jpg 45w, http:\/\/sinpro-al.com.br\/v2\/wp-content\/uploads\/2016\/11\/assembleia-extra-1.jpg 812w\" sizes=\"auto, (max-width: 300px) 100vw, 300px\" \/><\/a><p id=\"caption-attachment-3361\" class=\"wp-caption-text\">19\/11: Assembleia dos professores do ensino superior vai decidir reajuste salaria<\/p><\/div>\n<p>O presidente do Sindicato dos Professores do Estado de Alagoas, Eduardo Vasconcelos, convoca Assembleia Extraordin\u00e1ria especifica para os professores das duas unidades do Col\u00e9gio Pontual, atrav\u00e9s de edital, para comparecer na sede do Sinpro\/AL, no dia 26\/04 do corrente ano, \u00e0s 18h, na Rua Saldanha da Gama, 376, no bairro do Farol, em Macei\u00f3, para deliberar sobre a entrada de A\u00e7\u00e3o Civil P\u00fablica, na Justi\u00e7a do Trabalho, contra o Col\u00e9gio Pontual.<\/p>\n<p>A primeira convoca\u00e7\u00e3o para a assembleia acontece, \u00e0s 18h, e a segunda, \u00e0s 18h30.<\/p>\n<p>Macei\u00f3, AL, 12 de abril de 2017<\/p>\n<p><strong>Eduardo Vasconcelos<\/strong><br \/>\nPresidente do Sindicato dos Professores de Alagoa<\/p>\n","protected":false},"excerpt":{"rendered":"<p>O presidente do Sindicato dos Professores do Estado de Alagoas, Eduardo Vasconcelos, convoca Assembleia Extraordin\u00e1ria especifica para os professores das duas unidades do Col\u00e9gio Pontual, atrav\u00e9s de edital, para comparecer na sede do Sinpro\/AL, no dia 26\/04 do corrente ano, \u00e0s 18h, na Rua Saldanha da Gama, 376, no bairro do Farol, em Macei\u00f3, para [&hellip;]<\/p>\n","protected":false},"author":4,"featured_media":3361,"comment_status":"open","ping_status":"open","sticky":false,"template":"","format":"standard","meta":{"footnotes":""},"categories":[4],"tags":[],"class_list":["post-3890","post","type-post","status-publish","format-standard","has-post-thumbnail","hentry","category-noticias-sinpro-al"],"_links":{"self":[{"href":"http:\/\/sinpro-al.com.br\/v2\/index.php?rest_route=\/wp\/v2\/posts\/3890","targetHints":{"allow":["GET"]}}],"collection":[{"href":"http:\/\/sinpro-al.com.br\/v2\/index.php?rest_route=\/wp\/v2\/posts"}],"about":[{"href":"http:\/\/sinpro-al.com.br\/v2\/index.php?rest_route=\/wp\/v2\/types\/post"}],"author":[{"embeddable":true,"href":"http:\/\/sinpro-al.com.br\/v2\/index.php?rest_route=\/wp\/v2\/users\/4"}],"replies":[{"embeddable":true,"href":"http:\/\/sinpro-al.com.br\/v2\/index.php?rest_route=%2Fwp%2Fv2%2Fcomments&post=3890"}],"version-history":[{"count":2,"href":"http:\/\/sinpro-al.com.br\/v2\/index.php?rest_route=\/wp\/v2\/posts\/3890\/revisions"}],"predecessor-version":[{"id":3892,"href":"http:\/\/sinpro-al.com.br\/v2\/index.php?rest_route=\/wp\/v2\/posts\/3890\/revisions\/3892"}],"wp:featuredmedia":[{"embeddable":true,"href":"http:\/\/sinpro-al.com.br\/v2\/index.php?rest_route=\/wp\/v2\/media\/3361"}],"wp:attachment":[{"href":"http:\/\/sinpro-al.com.br\/v2\/index.php?rest_route=%2Fwp%2Fv2%2Fmedia&parent=3890"}],"wp:term":[{"taxonomy":"category","embeddable":true,"href":"http:\/\/sinpro-al.com.br\/v2\/index.php?rest_route=%2Fwp%2Fv2%2Fcategories&post=3890"},{"taxonomy":"post_tag","embeddable":true,"href":"http:\/\/sinpro-al.com.br\/v2\/index.php?rest_route=%2Fwp%2Fv2%2Ftags&post=3890"}],"curies":[{"name":"wp","href":"https:\/\/api.w.org\/{rel}","templated":true}]}}