{"id":3865,"date":"2017-04-05T16:22:53","date_gmt":"2017-04-05T19:22:53","guid":{"rendered":"http:\/\/sinpro-al.com.br\/v2\/?p=3865"},"modified":"2017-04-05T16:22:53","modified_gmt":"2017-04-05T19:22:53","slug":"salarios-atrasados-professores-de-colegio-entram-em-estado-de-greve","status":"publish","type":"post","link":"http:\/\/sinpro-al.com.br\/v2\/?p=3865","title":{"rendered":"Sal\u00e1rios atrasados: professores de col\u00e9gio entram em estado de greve"},"content":{"rendered":"<div id=\"attachment_3866\" style=\"width: 310px\" class=\"wp-caption alignleft\"><a href=\"http:\/\/sinpro-al.com.br\/v2\/wp-content\/uploads\/2017\/04\/assembleia-em-p\u00e3o-de-a\u00e7\u00facar.jpeg\"><img loading=\"lazy\" decoding=\"async\" aria-describedby=\"caption-attachment-3866\" class=\"wp-image-3866 size-medium\" src=\"http:\/\/sinpro-al.com.br\/v2\/wp-content\/uploads\/2017\/04\/assembleia-em-p\u00e3o-de-a\u00e7\u00facar-300x169.jpeg\" alt=\"assembleia em p\u00e3o de a\u00e7\u00facar\" width=\"300\" height=\"169\" srcset=\"http:\/\/sinpro-al.com.br\/v2\/wp-content\/uploads\/2017\/04\/assembleia-em-p\u00e3o-de-a\u00e7\u00facar-300x169.jpeg 300w, http:\/\/sinpro-al.com.br\/v2\/wp-content\/uploads\/2017\/04\/assembleia-em-p\u00e3o-de-a\u00e7\u00facar.jpeg 640w\" sizes=\"auto, (max-width: 300px) 100vw, 300px\" \/><\/a><p id=\"caption-attachment-3866\" class=\"wp-caption-text\">Assembleia ocorreu na C\u00e2mara de P\u00e3o de A\u00e7\u00facar<\/p><\/div>\n<p>Os professores do Col\u00e9gio S\u00e3o Vicente, no munic\u00edpio de P\u00e3o de A\u00e7\u00facar, decidiram \u00a0entrar em estado de greve por conta de atrasos salariais, falta de recolhimento de FGTS e Inss.<\/p>\n<p>A assembleia para deliberar pelo estado de greve foi conduzida pelo vice-presidente do Sindicato dos Professores de Alagoas (Sinpro\/AL), Jos\u00e9 Nivaldo Mota. O encontro ocorreu na C\u00e2mara Municipal de P\u00e3o de A\u00e7\u00facar.<\/p>\n<p>A entidade classista espera que as problem\u00e1ticas sejam sanadas. A diretoria do Sinpro\/AL segue atenta e pronta para realizar manifesta\u00e7\u00f5es alertando sobre o descaso.<\/p>\n<p>Somos professores com orgulho e exigimos respeito!<\/p>\n","protected":false},"excerpt":{"rendered":"<p>Os professores do Col\u00e9gio S\u00e3o Vicente, no munic\u00edpio de P\u00e3o de A\u00e7\u00facar, decidiram \u00a0entrar em estado de greve por conta de atrasos salariais, falta de recolhimento de FGTS e Inss. A assembleia para deliberar pelo estado de greve foi conduzida pelo vice-presidente do Sindicato dos Professores de Alagoas (Sinpro\/AL), Jos\u00e9 Nivaldo Mota. O encontro ocorreu [&hellip;]<\/p>\n","protected":false},"author":4,"featured_media":3866,"comment_status":"open","ping_status":"open","sticky":false,"template":"","format":"standard","meta":{"footnotes":""},"categories":[4],"tags":[],"class_list":["post-3865","post","type-post","status-publish","format-standard","has-post-thumbnail","hentry","category-noticias-sinpro-al"],"_links":{"self":[{"href":"http:\/\/sinpro-al.com.br\/v2\/index.php?rest_route=\/wp\/v2\/posts\/3865","targetHints":{"allow":["GET"]}}],"collection":[{"href":"http:\/\/sinpro-al.com.br\/v2\/index.php?rest_route=\/wp\/v2\/posts"}],"about":[{"href":"http:\/\/sinpro-al.com.br\/v2\/index.php?rest_route=\/wp\/v2\/types\/post"}],"author":[{"embeddable":true,"href":"http:\/\/sinpro-al.com.br\/v2\/index.php?rest_route=\/wp\/v2\/users\/4"}],"replies":[{"embeddable":true,"href":"http:\/\/sinpro-al.com.br\/v2\/index.php?rest_route=%2Fwp%2Fv2%2Fcomments&post=3865"}],"version-history":[{"count":1,"href":"http:\/\/sinpro-al.com.br\/v2\/index.php?rest_route=\/wp\/v2\/posts\/3865\/revisions"}],"predecessor-version":[{"id":3867,"href":"http:\/\/sinpro-al.com.br\/v2\/index.php?rest_route=\/wp\/v2\/posts\/3865\/revisions\/3867"}],"wp:featuredmedia":[{"embeddable":true,"href":"http:\/\/sinpro-al.com.br\/v2\/index.php?rest_route=\/wp\/v2\/media\/3866"}],"wp:attachment":[{"href":"http:\/\/sinpro-al.com.br\/v2\/index.php?rest_route=%2Fwp%2Fv2%2Fmedia&parent=3865"}],"wp:term":[{"taxonomy":"category","embeddable":true,"href":"http:\/\/sinpro-al.com.br\/v2\/index.php?rest_route=%2Fwp%2Fv2%2Fcategories&post=3865"},{"taxonomy":"post_tag","embeddable":true,"href":"http:\/\/sinpro-al.com.br\/v2\/index.php?rest_route=%2Fwp%2Fv2%2Ftags&post=3865"}],"curies":[{"name":"wp","href":"https:\/\/api.w.org\/{rel}","templated":true}]}}