{"id":3856,"date":"2017-04-03T17:17:58","date_gmt":"2017-04-03T20:17:58","guid":{"rendered":"http:\/\/sinpro-al.com.br\/v2\/?p=3856"},"modified":"2017-04-03T17:18:10","modified_gmt":"2017-04-03T20:18:10","slug":"assembleia-extraordinaria-amanha-43","status":"publish","type":"post","link":"http:\/\/sinpro-al.com.br\/v2\/?p=3856","title":{"rendered":"Assembleia extraordin\u00e1ria amanh\u00e3 (4\/3)"},"content":{"rendered":"<p><a href=\"http:\/\/sinpro-al.com.br\/v2\/wp-content\/uploads\/2017\/03\/assembleia-nova-sinpro.jpg\"><img loading=\"lazy\" decoding=\"async\" class=\"alignleft size-medium wp-image-3779\" src=\"http:\/\/sinpro-al.com.br\/v2\/wp-content\/uploads\/2017\/03\/assembleia-nova-sinpro-262x300.jpg\" alt=\"assembleia nova sinpro\" width=\"262\" height=\"300\" srcset=\"http:\/\/sinpro-al.com.br\/v2\/wp-content\/uploads\/2017\/03\/assembleia-nova-sinpro-262x300.jpg 262w, http:\/\/sinpro-al.com.br\/v2\/wp-content\/uploads\/2017\/03\/assembleia-nova-sinpro.jpg 696w\" sizes=\"auto, (max-width: 262px) 100vw, 262px\" \/><\/a>O presidente do\u00a0<strong>Sindicato dos Professores de Alagoas<\/strong>, Eduardo Jorge Vasconcelos de Lima, convoca Assembleia Extraordin\u00e1ria espec\u00edfica para os professores do col\u00e9gio S\u00e3o Vicente, localizado no munic\u00edpio de P\u00e3o de A\u00e7\u00facar, atrav\u00e9s de edital para comparecer na sede da C\u00e2mara Municipal de P\u00e3o de A\u00e7\u00facar no dia 4 de abril, para deliberar sobre a delibera\u00e7\u00e3o de estado de greve e o dia de paralisa\u00e7\u00e3o.<\/p>\n<p>A primeira convoca\u00e7\u00e3o para Assembleia acontece \u00e0s 14h00 e a segunda \u00e0s 14h30.<\/p>\n<p>Macei\u00f3, AL, 30 de mar\u00e7o de 2017.<\/p>\n<p><strong><em>Eduardo Jorge Vasconcelos\u00a0de Lima<\/em><\/strong><\/p>\n<p>Presidente do Sindicato dos Professores de Alagoas<\/p>\n","protected":false},"excerpt":{"rendered":"<p>O presidente do\u00a0Sindicato dos Professores de Alagoas, Eduardo Jorge Vasconcelos de Lima, convoca Assembleia Extraordin\u00e1ria espec\u00edfica para os professores do col\u00e9gio S\u00e3o Vicente, localizado no munic\u00edpio de P\u00e3o de A\u00e7\u00facar, atrav\u00e9s de edital para comparecer na sede da C\u00e2mara Municipal de P\u00e3o de A\u00e7\u00facar no dia 4 de abril, para deliberar sobre a delibera\u00e7\u00e3o de [&hellip;]<\/p>\n","protected":false},"author":4,"featured_media":3779,"comment_status":"open","ping_status":"open","sticky":false,"template":"","format":"standard","meta":{"footnotes":""},"categories":[4],"tags":[],"class_list":["post-3856","post","type-post","status-publish","format-standard","has-post-thumbnail","hentry","category-noticias-sinpro-al"],"_links":{"self":[{"href":"http:\/\/sinpro-al.com.br\/v2\/index.php?rest_route=\/wp\/v2\/posts\/3856","targetHints":{"allow":["GET"]}}],"collection":[{"href":"http:\/\/sinpro-al.com.br\/v2\/index.php?rest_route=\/wp\/v2\/posts"}],"about":[{"href":"http:\/\/sinpro-al.com.br\/v2\/index.php?rest_route=\/wp\/v2\/types\/post"}],"author":[{"embeddable":true,"href":"http:\/\/sinpro-al.com.br\/v2\/index.php?rest_route=\/wp\/v2\/users\/4"}],"replies":[{"embeddable":true,"href":"http:\/\/sinpro-al.com.br\/v2\/index.php?rest_route=%2Fwp%2Fv2%2Fcomments&post=3856"}],"version-history":[{"count":2,"href":"http:\/\/sinpro-al.com.br\/v2\/index.php?rest_route=\/wp\/v2\/posts\/3856\/revisions"}],"predecessor-version":[{"id":3858,"href":"http:\/\/sinpro-al.com.br\/v2\/index.php?rest_route=\/wp\/v2\/posts\/3856\/revisions\/3858"}],"wp:featuredmedia":[{"embeddable":true,"href":"http:\/\/sinpro-al.com.br\/v2\/index.php?rest_route=\/wp\/v2\/media\/3779"}],"wp:attachment":[{"href":"http:\/\/sinpro-al.com.br\/v2\/index.php?rest_route=%2Fwp%2Fv2%2Fmedia&parent=3856"}],"wp:term":[{"taxonomy":"category","embeddable":true,"href":"http:\/\/sinpro-al.com.br\/v2\/index.php?rest_route=%2Fwp%2Fv2%2Fcategories&post=3856"},{"taxonomy":"post_tag","embeddable":true,"href":"http:\/\/sinpro-al.com.br\/v2\/index.php?rest_route=%2Fwp%2Fv2%2Ftags&post=3856"}],"curies":[{"name":"wp","href":"https:\/\/api.w.org\/{rel}","templated":true}]}}