{"id":3844,"date":"2017-03-30T13:40:55","date_gmt":"2017-03-30T16:40:55","guid":{"rendered":"http:\/\/sinpro-al.com.br\/v2\/?p=3844"},"modified":"2017-03-30T13:40:55","modified_gmt":"2017-03-30T16:40:55","slug":"presidente-do-trtal-convida-sinproal-para-ato-em-defesa-da-justica-do-trabalho","status":"publish","type":"post","link":"http:\/\/sinpro-al.com.br\/v2\/?p=3844","title":{"rendered":"Presidente do TRT\/AL convida Sinpro\/AL para ato em defesa da Justi\u00e7a do Trabalho"},"content":{"rendered":"<div id=\"attachment_3846\" style=\"width: 362px\" class=\"wp-caption alignleft\"><a href=\"http:\/\/sinpro-al.com.br\/v2\/wp-content\/uploads\/2017\/03\/ato.jpg\"><img loading=\"lazy\" decoding=\"async\" aria-describedby=\"caption-attachment-3846\" class=\"wp-image-3846\" src=\"http:\/\/sinpro-al.com.br\/v2\/wp-content\/uploads\/2017\/03\/ato-300x161.jpg\" alt=\"ato\" width=\"352\" height=\"189\" srcset=\"http:\/\/sinpro-al.com.br\/v2\/wp-content\/uploads\/2017\/03\/ato-300x161.jpg 300w, http:\/\/sinpro-al.com.br\/v2\/wp-content\/uploads\/2017\/03\/ato-768x412.jpg 768w, http:\/\/sinpro-al.com.br\/v2\/wp-content\/uploads\/2017\/03\/ato-1024x549.jpg 1024w, http:\/\/sinpro-al.com.br\/v2\/wp-content\/uploads\/2017\/03\/ato.jpg 1431w\" sizes=\"auto, (max-width: 352px) 100vw, 352px\" \/><\/a><p id=\"caption-attachment-3846\" class=\"wp-caption-text\">Clique para ampliar a imagem<\/p><\/div>\n<p>Of\u00edcio encaminhado pelo presidente do Tribunal Regional do Trabalho (TRT\/AL), Pedro In\u00e1cio da Silva, ao presidente do Sindicato dos Professores de Alagoas (Sinpro\/AL), Eduardo Vasconcelos, convida os membros da entidade classista e todos os professores para participarem do ato p\u00fablico em defesa da Justi\u00e7a do Trabalho. O evento ocorre amanh\u00e3, 31\/3, \u00e0s 10h, em frente ao pr\u00e9dio sede do TRT, que fica localizado na Av. da Paz, em Macei\u00f3.<\/p>\n<p>A ideia \u00e9 chamar a aten\u00e7\u00e3o da popula\u00e7\u00e3o para os relevantes servi\u00e7os prestados pela Justi\u00e7a do Trabalho \u00e0 sociedade, atuando na pacifica\u00e7\u00e3o de greves e no equil\u00edbrio na rela\u00e7\u00e3o entre capital e trabalho, visando \u00e0 efetividade dos direitos sociais em sintonia com a necess\u00e1ria preserva\u00e7\u00e3o da atividade econ\u00f4mica. Al\u00e9m disso, o ato pretende alertar para a constante amea\u00e7a de fragiliza\u00e7\u00e3o da Justi\u00e7a do Trabalho e dos direitos sociais, por meio da chamada Reforma Trabalhista, cujo projeto de lei tramita na C\u00e2mara Federal desde dezembro.<\/p>\n<p>Os atos p\u00fablicos tamb\u00e9m marcar\u00e3o o lan\u00e7amento de uma campanha nacional idealizada pelo Col\u00e9gio de Presidentes e Corregedores dos Tribunais Regionais do Trabalho (Coleprecor), que tem como objetivo mostrar que os direitos de patr\u00f5es e empregados s\u00f3 estar\u00e3o garantidos com uma Justi\u00e7a do Trabalho forte e atuante.<\/p>\n<p>O presidente do Sinpro\/AL garantiu presen\u00e7a no ato ao lado dos demais diretores e a base da entidade classista.\u00a0 Vasconcelos avaliou que esse \u00e9 momento dos \u00f3rg\u00e3os, institui\u00e7\u00f5es, sindicatos e demais membros da sociedade civil organizada se unirem num\u00a0\u00fanico proposito: \u201cdefender a Justi\u00e7a do Trabalho, logo, defender os direitos dos trabalhadores\u201d.<\/p>\n<p>Somos professores com orgulho e exigimos respeito!<\/p>\n<div id=\"attachment_3845\" style=\"width: 249px\" class=\"wp-caption alignleft\"><a href=\"http:\/\/sinpro-al.com.br\/v2\/wp-content\/uploads\/2017\/03\/OFICIO.jpeg\"><img loading=\"lazy\" decoding=\"async\" aria-describedby=\"caption-attachment-3845\" class=\"wp-image-3845 \" src=\"http:\/\/sinpro-al.com.br\/v2\/wp-content\/uploads\/2017\/03\/OFICIO-216x300.jpeg\" alt=\"OFICIO\" width=\"239\" height=\"332\" srcset=\"http:\/\/sinpro-al.com.br\/v2\/wp-content\/uploads\/2017\/03\/OFICIO-216x300.jpeg 216w, http:\/\/sinpro-al.com.br\/v2\/wp-content\/uploads\/2017\/03\/OFICIO-768x1065.jpeg 768w, http:\/\/sinpro-al.com.br\/v2\/wp-content\/uploads\/2017\/03\/OFICIO-738x1024.jpeg 738w\" sizes=\"auto, (max-width: 239px) 100vw, 239px\" \/><\/a><p id=\"caption-attachment-3845\" class=\"wp-caption-text\">Of\u00edcio encaminhado pelo presidente do Tribunal Regional do Trabalho (TRT\/AL), Pedro In\u00e1cio da Silva<\/p><\/div>\n<p><strong>Palavra do presidente<\/strong><\/p>\n<p>&#8220;O que queremos deixar claro \u00e9 a import\u00e2ncia da Justi\u00e7a do Trabalho para o funcionamento do mercado e de servi\u00e7os essenciais \u00e0 popula\u00e7\u00e3o, al\u00e9m da garantia da dignidade da pessoa humana, j\u00e1 que trabalhadores ainda t\u00eam que se socorrer da Justi\u00e7a do Trabalho para ter garantidos direitos b\u00e1sicos, como verbas de car\u00e1ter alimentar&#8221;, afirmou o desembargador Pedro In\u00e1cio da Silva, presidente do TRT\/AL.<\/p>\n<p><strong>*Com informa\u00e7\u00f5es da ASCOM TRT\/AL <\/strong><\/p>\n","protected":false},"excerpt":{"rendered":"<p>Of\u00edcio encaminhado pelo presidente do Tribunal Regional do Trabalho (TRT\/AL), Pedro In\u00e1cio da Silva, ao presidente do Sindicato dos Professores de Alagoas (Sinpro\/AL), Eduardo Vasconcelos, convida os membros da entidade classista e todos os professores para participarem do ato p\u00fablico em defesa da Justi\u00e7a do Trabalho. O evento ocorre amanh\u00e3, 31\/3, \u00e0s 10h, em frente [&hellip;]<\/p>\n","protected":false},"author":4,"featured_media":3846,"comment_status":"open","ping_status":"open","sticky":false,"template":"","format":"standard","meta":{"footnotes":""},"categories":[4],"tags":[],"class_list":["post-3844","post","type-post","status-publish","format-standard","has-post-thumbnail","hentry","category-noticias-sinpro-al"],"_links":{"self":[{"href":"http:\/\/sinpro-al.com.br\/v2\/index.php?rest_route=\/wp\/v2\/posts\/3844","targetHints":{"allow":["GET"]}}],"collection":[{"href":"http:\/\/sinpro-al.com.br\/v2\/index.php?rest_route=\/wp\/v2\/posts"}],"about":[{"href":"http:\/\/sinpro-al.com.br\/v2\/index.php?rest_route=\/wp\/v2\/types\/post"}],"author":[{"embeddable":true,"href":"http:\/\/sinpro-al.com.br\/v2\/index.php?rest_route=\/wp\/v2\/users\/4"}],"replies":[{"embeddable":true,"href":"http:\/\/sinpro-al.com.br\/v2\/index.php?rest_route=%2Fwp%2Fv2%2Fcomments&post=3844"}],"version-history":[{"count":1,"href":"http:\/\/sinpro-al.com.br\/v2\/index.php?rest_route=\/wp\/v2\/posts\/3844\/revisions"}],"predecessor-version":[{"id":3847,"href":"http:\/\/sinpro-al.com.br\/v2\/index.php?rest_route=\/wp\/v2\/posts\/3844\/revisions\/3847"}],"wp:featuredmedia":[{"embeddable":true,"href":"http:\/\/sinpro-al.com.br\/v2\/index.php?rest_route=\/wp\/v2\/media\/3846"}],"wp:attachment":[{"href":"http:\/\/sinpro-al.com.br\/v2\/index.php?rest_route=%2Fwp%2Fv2%2Fmedia&parent=3844"}],"wp:term":[{"taxonomy":"category","embeddable":true,"href":"http:\/\/sinpro-al.com.br\/v2\/index.php?rest_route=%2Fwp%2Fv2%2Fcategories&post=3844"},{"taxonomy":"post_tag","embeddable":true,"href":"http:\/\/sinpro-al.com.br\/v2\/index.php?rest_route=%2Fwp%2Fv2%2Ftags&post=3844"}],"curies":[{"name":"wp","href":"https:\/\/api.w.org\/{rel}","templated":true}]}}