{"id":3839,"date":"2017-03-29T07:21:20","date_gmt":"2017-03-29T10:21:20","guid":{"rendered":"http:\/\/sinpro-al.com.br\/v2\/?p=3839"},"modified":"2017-03-29T07:21:20","modified_gmt":"2017-03-29T10:21:20","slug":"presidente-do-sinproal-prestigia-reinauguracao-da-delegacia-regional-do-trabalho-em-arapiraca","status":"publish","type":"post","link":"http:\/\/sinpro-al.com.br\/v2\/?p=3839","title":{"rendered":"Presidente do Sinpro\/AL prestigia reinaugura\u00e7\u00e3o da Delegacia Regional do Trabalho em Arapiraca"},"content":{"rendered":"<div id=\"attachment_3840\" style=\"width: 310px\" class=\"wp-caption alignleft\"><a href=\"http:\/\/sinpro-al.com.br\/v2\/wp-content\/uploads\/2017\/03\/mte-em-Arapiraca.jpg\"><img loading=\"lazy\" decoding=\"async\" aria-describedby=\"caption-attachment-3840\" class=\"wp-image-3840 size-medium\" src=\"http:\/\/sinpro-al.com.br\/v2\/wp-content\/uploads\/2017\/03\/mte-em-Arapiraca-300x300.jpg\" alt=\"mte em Arapiraca\" width=\"300\" height=\"300\" srcset=\"http:\/\/sinpro-al.com.br\/v2\/wp-content\/uploads\/2017\/03\/mte-em-Arapiraca-300x300.jpg 300w, http:\/\/sinpro-al.com.br\/v2\/wp-content\/uploads\/2017\/03\/mte-em-Arapiraca-150x150.jpg 150w, http:\/\/sinpro-al.com.br\/v2\/wp-content\/uploads\/2017\/03\/mte-em-Arapiraca-768x768.jpg 768w, http:\/\/sinpro-al.com.br\/v2\/wp-content\/uploads\/2017\/03\/mte-em-Arapiraca-45x45.jpg 45w, http:\/\/sinpro-al.com.br\/v2\/wp-content\/uploads\/2017\/03\/mte-em-Arapiraca.jpg 843w\" sizes=\"auto, (max-width: 300px) 100vw, 300px\" \/><\/a><p id=\"caption-attachment-3840\" class=\"wp-caption-text\">Eduardo Vasconcelos, Israel Lessa e Elias Santos, presidente do Sindconam<\/p><\/div>\n<p>Atrav\u00e9s do convite do superintendente Regional do Trabalho e Emprego em Alagoas, Israel Lessa, o Sindicato dos Professores de Alagoas (Sinpro\/AL) se fez presente na pessoa do presidente, Eduardo Vasconcelos, na reinaugura\u00e7\u00e3o da Delegacia Regional do Trabalho (DRT) em Arapiraca. O evento foi prestigiado por diversas lideran\u00e7as sindicais e pol\u00edticas do Estado.<\/p>\n<p>A expectativa \u00e9 que a unidade, que fica localizada na Rua Fernandes Lima, no Centro,\u00a0possa atender mais de 300 mil trabalhadores de Arapiraca e regi\u00f5es circunvizinhas.<\/p>\n<p>O \u00f3rg\u00e3o tem importantes atribui\u00e7\u00f5es e servi\u00e7os para prestar, como: fornecer carteira de trabalho, homologar acordos trabalhistas, incrementar pol\u00edticas do primeiro emprego, fiscaliza\u00e7\u00e3o, entre outros.<\/p>\n<p>O presidente do Sinpro\/AL, Eduardo Vasconcelos, destaca a import\u00e2ncia da interioriza\u00e7\u00e3o do Minist\u00e9rio do Trabalho e Emprego para Alagoas. \u201cO \u00f3rg\u00e3o \u00e9 um importante agente em defesa dos trabalhadores. Sua amplia\u00e7\u00e3o e moderniza\u00e7\u00e3o \u00e9 um avan\u00e7o para Alagoas\u201d.<\/p>\n<p>Somos professores com orgulho e exigimos respeito!<\/p>\n<p><strong>Mais sobre o MTE<\/strong><\/p>\n<p>Minist\u00e9rio do Trabalho e Emprego (MTE) \u00e9 \u00f3rg\u00e3o do governo federal que trata das pol\u00edticas e diretrizes para a gera\u00e7\u00e3o de emprego e renda e de apoio ao trabalhador; das pol\u00edticas e diretrizes para a moderniza\u00e7\u00e3o das rela\u00e7\u00f5es do trabalho; da fiscaliza\u00e7\u00e3o do trabalho, inclusive do trabalho portu\u00e1rio; da pol\u00edtica salarial; da forma\u00e7\u00e3o e desenvolvimento profissional; da seguran\u00e7a e sa\u00fade no trabalho; pol\u00edtica de imigra\u00e7\u00e3o e cooperativismo e associativismo urbano.<\/p>\n","protected":false},"excerpt":{"rendered":"<p>Atrav\u00e9s do convite do superintendente Regional do Trabalho e Emprego em Alagoas, Israel Lessa, o Sindicato dos Professores de Alagoas (Sinpro\/AL) se fez presente na pessoa do presidente, Eduardo Vasconcelos, na reinaugura\u00e7\u00e3o da Delegacia Regional do Trabalho (DRT) em Arapiraca. O evento foi prestigiado por diversas lideran\u00e7as sindicais e pol\u00edticas do Estado. A expectativa \u00e9 [&hellip;]<\/p>\n","protected":false},"author":4,"featured_media":3840,"comment_status":"open","ping_status":"open","sticky":false,"template":"","format":"standard","meta":{"footnotes":""},"categories":[4],"tags":[],"class_list":["post-3839","post","type-post","status-publish","format-standard","has-post-thumbnail","hentry","category-noticias-sinpro-al"],"_links":{"self":[{"href":"http:\/\/sinpro-al.com.br\/v2\/index.php?rest_route=\/wp\/v2\/posts\/3839","targetHints":{"allow":["GET"]}}],"collection":[{"href":"http:\/\/sinpro-al.com.br\/v2\/index.php?rest_route=\/wp\/v2\/posts"}],"about":[{"href":"http:\/\/sinpro-al.com.br\/v2\/index.php?rest_route=\/wp\/v2\/types\/post"}],"author":[{"embeddable":true,"href":"http:\/\/sinpro-al.com.br\/v2\/index.php?rest_route=\/wp\/v2\/users\/4"}],"replies":[{"embeddable":true,"href":"http:\/\/sinpro-al.com.br\/v2\/index.php?rest_route=%2Fwp%2Fv2%2Fcomments&post=3839"}],"version-history":[{"count":1,"href":"http:\/\/sinpro-al.com.br\/v2\/index.php?rest_route=\/wp\/v2\/posts\/3839\/revisions"}],"predecessor-version":[{"id":3841,"href":"http:\/\/sinpro-al.com.br\/v2\/index.php?rest_route=\/wp\/v2\/posts\/3839\/revisions\/3841"}],"wp:featuredmedia":[{"embeddable":true,"href":"http:\/\/sinpro-al.com.br\/v2\/index.php?rest_route=\/wp\/v2\/media\/3840"}],"wp:attachment":[{"href":"http:\/\/sinpro-al.com.br\/v2\/index.php?rest_route=%2Fwp%2Fv2%2Fmedia&parent=3839"}],"wp:term":[{"taxonomy":"category","embeddable":true,"href":"http:\/\/sinpro-al.com.br\/v2\/index.php?rest_route=%2Fwp%2Fv2%2Fcategories&post=3839"},{"taxonomy":"post_tag","embeddable":true,"href":"http:\/\/sinpro-al.com.br\/v2\/index.php?rest_route=%2Fwp%2Fv2%2Ftags&post=3839"}],"curies":[{"name":"wp","href":"https:\/\/api.w.org\/{rel}","templated":true}]}}