{"id":382,"date":"2014-07-02T12:35:36","date_gmt":"2014-07-02T15:35:36","guid":{"rendered":"http:\/\/sinpro-al.com.br\/v2\/?p=382"},"modified":"2014-07-02T12:37:08","modified_gmt":"2014-07-02T15:37:08","slug":"sinpro-al-continua-na-luta-pela-qualidade-na-educacao","status":"publish","type":"post","link":"http:\/\/sinpro-al.com.br\/v2\/?p=382","title":{"rendered":"Sinpro-AL continua na luta pela qualidade na Educa\u00e7\u00e3o"},"content":{"rendered":"<p><span style=\"line-height: 1.5em;\"><a href=\"http:\/\/sinpro-al.com.br\/v2\/wp-content\/uploads\/2014\/07\/10301497_538297119630790_3649699420361998963_n.jpg\"><img loading=\"lazy\" decoding=\"async\" class=\"alignright size-medium wp-image-383\" alt=\"10301497_538297119630790_3649699420361998963_n\" src=\"http:\/\/sinpro-al.com.br\/v2\/wp-content\/uploads\/2014\/07\/10301497_538297119630790_3649699420361998963_n-300x225.jpg\" width=\"300\" height=\"225\" srcset=\"http:\/\/sinpro-al.com.br\/v2\/wp-content\/uploads\/2014\/07\/10301497_538297119630790_3649699420361998963_n-300x225.jpg 300w, http:\/\/sinpro-al.com.br\/v2\/wp-content\/uploads\/2014\/07\/10301497_538297119630790_3649699420361998963_n.jpg 720w\" sizes=\"auto, (max-width: 300px) 100vw, 300px\" \/><\/a><\/span><span style=\"line-height: 1.5em;\">Na \u00faltima semana 0 Sinpro\/AL conseguiu agendar, atrav\u00e9s do deputado federal, Paulo Fernando dos Santos, O PAUL\u00c3O (PT), uma audi\u00eancia com o senador Humberto Costa (PT-PE) para pedir celeridade \u00e0 tramita\u00e7\u00e3o do projeto de lei 504\/2011 que altera a Lei de Diretrizes e Bases da Educa\u00e7\u00e3o (LDB \u2013 Lei 9.394\/1996), e regula, em n\u00edvel nacional, a quantidade de alunos em sala de aula.<\/span><\/p>\n<p>De acordo com a proposta, as turmas de pr\u00e9-escola e dos dois primeiros anos do ensino fundamental n\u00e3o poder\u00e3o exceder a 25 alunos. J\u00e1 as classes das demais s\u00e9ries do ensino fundamental e as do ensino m\u00e9dio, segundo determina o projeto, devem ter, no m\u00e1ximo, 35 alunos.<\/p>\n<p>O Sindicato, desde 2010, vem denunciando as institui\u00e7\u00f5es de ensino com excesso de alunos em sala de aula. V\u00e1rias escolas j\u00e1 foram punidas pelo Minist\u00e9rio P\u00fablico do Trabalho (MPT) e pelo Minist\u00e9rio do Trabalho e Emprego (MTE).<\/p>\n","protected":false},"excerpt":{"rendered":"<p>Na \u00faltima semana 0 Sinpro\/AL conseguiu agendar, atrav\u00e9s do deputado federal, Paulo Fernando dos Santos, O PAUL\u00c3O (PT), uma audi\u00eancia com o senador Humberto Costa (PT-PE) para pedir celeridade \u00e0 tramita\u00e7\u00e3o do projeto de lei 504\/2011 que altera a Lei de Diretrizes e Bases da Educa\u00e7\u00e3o (LDB \u2013 Lei 9.394\/1996), e regula, em n\u00edvel nacional, [&hellip;]<\/p>\n","protected":false},"author":4,"featured_media":0,"comment_status":"open","ping_status":"open","sticky":false,"template":"","format":"standard","meta":{"footnotes":""},"categories":[18,14,13,4],"tags":[],"class_list":["post-382","post","type-post","status-publish","format-standard","hentry","category-alagoas","category-brasil","category-educacao","category-noticias-sinpro-al"],"_links":{"self":[{"href":"http:\/\/sinpro-al.com.br\/v2\/index.php?rest_route=\/wp\/v2\/posts\/382","targetHints":{"allow":["GET"]}}],"collection":[{"href":"http:\/\/sinpro-al.com.br\/v2\/index.php?rest_route=\/wp\/v2\/posts"}],"about":[{"href":"http:\/\/sinpro-al.com.br\/v2\/index.php?rest_route=\/wp\/v2\/types\/post"}],"author":[{"embeddable":true,"href":"http:\/\/sinpro-al.com.br\/v2\/index.php?rest_route=\/wp\/v2\/users\/4"}],"replies":[{"embeddable":true,"href":"http:\/\/sinpro-al.com.br\/v2\/index.php?rest_route=%2Fwp%2Fv2%2Fcomments&post=382"}],"version-history":[{"count":1,"href":"http:\/\/sinpro-al.com.br\/v2\/index.php?rest_route=\/wp\/v2\/posts\/382\/revisions"}],"predecessor-version":[{"id":384,"href":"http:\/\/sinpro-al.com.br\/v2\/index.php?rest_route=\/wp\/v2\/posts\/382\/revisions\/384"}],"wp:attachment":[{"href":"http:\/\/sinpro-al.com.br\/v2\/index.php?rest_route=%2Fwp%2Fv2%2Fmedia&parent=382"}],"wp:term":[{"taxonomy":"category","embeddable":true,"href":"http:\/\/sinpro-al.com.br\/v2\/index.php?rest_route=%2Fwp%2Fv2%2Fcategories&post=382"},{"taxonomy":"post_tag","embeddable":true,"href":"http:\/\/sinpro-al.com.br\/v2\/index.php?rest_route=%2Fwp%2Fv2%2Ftags&post=382"}],"curies":[{"name":"wp","href":"https:\/\/api.w.org\/{rel}","templated":true}]}}