{"id":3800,"date":"2017-03-20T13:27:48","date_gmt":"2017-03-20T16:27:48","guid":{"rendered":"http:\/\/sinpro-al.com.br\/v2\/?p=3800"},"modified":"2017-03-20T13:27:48","modified_gmt":"2017-03-20T16:27:48","slug":"caso-cnec-professores-irao-ingressar-na-justica-do-trabalho-para-garantir-seus-direitos","status":"publish","type":"post","link":"http:\/\/sinpro-al.com.br\/v2\/?p=3800","title":{"rendered":"Caso Cnec: professores ir\u00e3o ingressar na Justi\u00e7a do Trabalho para garantir seus direitos"},"content":{"rendered":"<p><a href=\"http:\/\/sinpro-al.com.br\/v2\/wp-content\/uploads\/2016\/04\/cenec.png\"><img loading=\"lazy\" decoding=\"async\" class=\"alignleft size-medium wp-image-2448\" src=\"http:\/\/sinpro-al.com.br\/v2\/wp-content\/uploads\/2016\/04\/cenec-225x300.png\" alt=\"cenec\" width=\"225\" height=\"300\" srcset=\"http:\/\/sinpro-al.com.br\/v2\/wp-content\/uploads\/2016\/04\/cenec-225x300.png 225w, http:\/\/sinpro-al.com.br\/v2\/wp-content\/uploads\/2016\/04\/cenec.png 600w\" sizes=\"auto, (max-width: 225px) 100vw, 225px\" \/><\/a>A diretoria do Sindicato dos Professores de Alagas (Sinpro\/AL) disponibilizou sua assessoria jur\u00eddica para que os professores demitidos da Cnec, sem receber suas verbas rescis\u00f3rias, possam ingressar na Justi\u00e7a do Trabalho para garantir o recebimento do que \u00e9 seu por direito. Dezenas de educadores ficaram desamparados ap\u00f3s o fechamento das unidades da Cnec em Alagoas.<\/p>\n<p>Professores de Macei\u00f3 e Delmiro Gouveia est\u00e3o sem receber seu d\u00e9cimo terceiro sal\u00e1rio, f\u00e9rias, FGTS e vencimentos em atraso.<\/p>\n<p>O Sinpro\/AL vem acompanhado o caso de perto para que os respons\u00e1veis n\u00e3o fiquem na impunidade e a justi\u00e7a seja feita.<\/p>\n<p>Somos professores com orgulho e exigimos respeito!<\/p>\n<p><strong>Saiba mais:<\/strong><a href=\"http:\/\/sinpro-al.com.br\/v2\/?p=3620\"> http:\/\/sinpro-al.com.br\/v2\/?p=3620<\/a><\/p>\n","protected":false},"excerpt":{"rendered":"<p>A diretoria do Sindicato dos Professores de Alagas (Sinpro\/AL) disponibilizou sua assessoria jur\u00eddica para que os professores demitidos da Cnec, sem receber suas verbas rescis\u00f3rias, possam ingressar na Justi\u00e7a do Trabalho para garantir o recebimento do que \u00e9 seu por direito. Dezenas de educadores ficaram desamparados ap\u00f3s o fechamento das unidades da Cnec em Alagoas. [&hellip;]<\/p>\n","protected":false},"author":4,"featured_media":2448,"comment_status":"open","ping_status":"open","sticky":false,"template":"","format":"standard","meta":{"footnotes":""},"categories":[4],"tags":[],"class_list":["post-3800","post","type-post","status-publish","format-standard","has-post-thumbnail","hentry","category-noticias-sinpro-al"],"_links":{"self":[{"href":"http:\/\/sinpro-al.com.br\/v2\/index.php?rest_route=\/wp\/v2\/posts\/3800","targetHints":{"allow":["GET"]}}],"collection":[{"href":"http:\/\/sinpro-al.com.br\/v2\/index.php?rest_route=\/wp\/v2\/posts"}],"about":[{"href":"http:\/\/sinpro-al.com.br\/v2\/index.php?rest_route=\/wp\/v2\/types\/post"}],"author":[{"embeddable":true,"href":"http:\/\/sinpro-al.com.br\/v2\/index.php?rest_route=\/wp\/v2\/users\/4"}],"replies":[{"embeddable":true,"href":"http:\/\/sinpro-al.com.br\/v2\/index.php?rest_route=%2Fwp%2Fv2%2Fcomments&post=3800"}],"version-history":[{"count":1,"href":"http:\/\/sinpro-al.com.br\/v2\/index.php?rest_route=\/wp\/v2\/posts\/3800\/revisions"}],"predecessor-version":[{"id":3801,"href":"http:\/\/sinpro-al.com.br\/v2\/index.php?rest_route=\/wp\/v2\/posts\/3800\/revisions\/3801"}],"wp:featuredmedia":[{"embeddable":true,"href":"http:\/\/sinpro-al.com.br\/v2\/index.php?rest_route=\/wp\/v2\/media\/2448"}],"wp:attachment":[{"href":"http:\/\/sinpro-al.com.br\/v2\/index.php?rest_route=%2Fwp%2Fv2%2Fmedia&parent=3800"}],"wp:term":[{"taxonomy":"category","embeddable":true,"href":"http:\/\/sinpro-al.com.br\/v2\/index.php?rest_route=%2Fwp%2Fv2%2Fcategories&post=3800"},{"taxonomy":"post_tag","embeddable":true,"href":"http:\/\/sinpro-al.com.br\/v2\/index.php?rest_route=%2Fwp%2Fv2%2Ftags&post=3800"}],"curies":[{"name":"wp","href":"https:\/\/api.w.org\/{rel}","templated":true}]}}