{"id":3795,"date":"2017-03-16T12:46:10","date_gmt":"2017-03-16T15:46:10","guid":{"rendered":"http:\/\/sinpro-al.com.br\/v2\/?p=3795"},"modified":"2017-03-16T12:51:56","modified_gmt":"2017-03-16T15:51:56","slug":"diretores-do-sinproal-participam-de-ato-contra-reforma-da-previdencia","status":"publish","type":"post","link":"http:\/\/sinpro-al.com.br\/v2\/?p=3795","title":{"rendered":"Diretores do Sinpro\/AL participam de ato contra Reforma da Previd\u00eancia"},"content":{"rendered":"<div id=\"attachment_3796\" style=\"width: 335px\" class=\"wp-caption alignleft\"><a href=\"http:\/\/sinpro-al.com.br\/v2\/wp-content\/uploads\/2017\/03\/manifestto.jpg\"><img loading=\"lazy\" decoding=\"async\" aria-describedby=\"caption-attachment-3796\" class=\"wp-image-3796\" src=\"http:\/\/sinpro-al.com.br\/v2\/wp-content\/uploads\/2017\/03\/manifestto-300x169.jpg\" alt=\"manifestto\" width=\"325\" height=\"183\" srcset=\"http:\/\/sinpro-al.com.br\/v2\/wp-content\/uploads\/2017\/03\/manifestto-300x169.jpg 300w, http:\/\/sinpro-al.com.br\/v2\/wp-content\/uploads\/2017\/03\/manifestto.jpg 702w\" sizes=\"auto, (max-width: 325px) 100vw, 325px\" \/><\/a><p id=\"caption-attachment-3796\" class=\"wp-caption-text\">Professores protestam durante ato contra Reforma da Previd\u00eancia<\/p><\/div>\n<p>Cerca de 5 mil pessoas de diferentes movimentos sociais estiveram na Pra\u00e7a dos Mart\u00edrios, no Centro, em Macei\u00f3, durante mobiliza\u00e7\u00e3o contra a reforma da Previd\u00eancia, proposta pelo governo do presidente Michel Temer (PMDB).<\/p>\n<p>Diretores do Sindicato dos Professores de Alagoas (Sinpro\/AL) marcaram presen\u00e7a em ato em defesa dos trabalhadores. O presidente do Sindicato, Eduardo Vasconcelos, exp\u00f4s: \u201cDe acordo com as medidas anunciadas tanto homens quanto mulheres que sejam professores passar\u00e3o a ter que obedecer os mesmos crit\u00e9rios dos demais 65 anos de idades m\u00ednima, mais o tempo de servi\u00e7o que passa a ser de 25 anos\u201d.<\/p>\n<p>Somos professores com o orgulho e exigimos respeito!<\/p>\n<p><strong>As principais medidas que acabam com aposentadoria especial para professores:<\/strong><\/p>\n<ul>\n<li>Idade m\u00ednima para se aposentar ser\u00e1 de 65 anos.<\/li>\n<li>Para receber a aposentadoria integral ser\u00e1 preciso trabalhar 49 anos ininterruptos.<\/li>\n<li>O tempo m\u00ednimo de contribui\u00e7\u00e3o ser\u00e1 de 25 anos (antes era 15 anos).<\/li>\n<li>A nova f\u00f3rmula reduz o valor dos benef\u00edcios, independe do tempo de contribui\u00e7\u00e3o ou idade trabalhada.<\/li>\n<li>Se a proposta for aprovada o c\u00e1lculo do valor do benef\u00edcio mensal a ser pago passar\u00e1 a considerar todos os sal\u00e1rios do trabalhador, incluindo os mais baixos.<\/li>\n<\/ul>\n<p>&nbsp;<\/p>\n<p>&nbsp;<\/p>\n","protected":false},"excerpt":{"rendered":"<p>Cerca de 5 mil pessoas de diferentes movimentos sociais estiveram na Pra\u00e7a dos Mart\u00edrios, no Centro, em Macei\u00f3, durante mobiliza\u00e7\u00e3o contra a reforma da Previd\u00eancia, proposta pelo governo do presidente Michel Temer (PMDB). Diretores do Sindicato dos Professores de Alagoas (Sinpro\/AL) marcaram presen\u00e7a em ato em defesa dos trabalhadores. O presidente do Sindicato, Eduardo Vasconcelos, [&hellip;]<\/p>\n","protected":false},"author":4,"featured_media":3796,"comment_status":"open","ping_status":"open","sticky":false,"template":"","format":"standard","meta":{"footnotes":""},"categories":[4],"tags":[],"class_list":["post-3795","post","type-post","status-publish","format-standard","has-post-thumbnail","hentry","category-noticias-sinpro-al"],"_links":{"self":[{"href":"http:\/\/sinpro-al.com.br\/v2\/index.php?rest_route=\/wp\/v2\/posts\/3795","targetHints":{"allow":["GET"]}}],"collection":[{"href":"http:\/\/sinpro-al.com.br\/v2\/index.php?rest_route=\/wp\/v2\/posts"}],"about":[{"href":"http:\/\/sinpro-al.com.br\/v2\/index.php?rest_route=\/wp\/v2\/types\/post"}],"author":[{"embeddable":true,"href":"http:\/\/sinpro-al.com.br\/v2\/index.php?rest_route=\/wp\/v2\/users\/4"}],"replies":[{"embeddable":true,"href":"http:\/\/sinpro-al.com.br\/v2\/index.php?rest_route=%2Fwp%2Fv2%2Fcomments&post=3795"}],"version-history":[{"count":3,"href":"http:\/\/sinpro-al.com.br\/v2\/index.php?rest_route=\/wp\/v2\/posts\/3795\/revisions"}],"predecessor-version":[{"id":3799,"href":"http:\/\/sinpro-al.com.br\/v2\/index.php?rest_route=\/wp\/v2\/posts\/3795\/revisions\/3799"}],"wp:featuredmedia":[{"embeddable":true,"href":"http:\/\/sinpro-al.com.br\/v2\/index.php?rest_route=\/wp\/v2\/media\/3796"}],"wp:attachment":[{"href":"http:\/\/sinpro-al.com.br\/v2\/index.php?rest_route=%2Fwp%2Fv2%2Fmedia&parent=3795"}],"wp:term":[{"taxonomy":"category","embeddable":true,"href":"http:\/\/sinpro-al.com.br\/v2\/index.php?rest_route=%2Fwp%2Fv2%2Fcategories&post=3795"},{"taxonomy":"post_tag","embeddable":true,"href":"http:\/\/sinpro-al.com.br\/v2\/index.php?rest_route=%2Fwp%2Fv2%2Ftags&post=3795"}],"curies":[{"name":"wp","href":"https:\/\/api.w.org\/{rel}","templated":true}]}}