{"id":3791,"date":"2017-03-15T22:12:55","date_gmt":"2017-03-16T01:12:55","guid":{"rendered":"http:\/\/sinpro-al.com.br\/v2\/?p=3791"},"modified":"2017-03-15T22:12:55","modified_gmt":"2017-03-16T01:12:55","slug":"professores-tem-reajuste-salarial-de-10-e-sinproal-e-destaque-em-publicacao-do-trt","status":"publish","type":"post","link":"http:\/\/sinpro-al.com.br\/v2\/?p=3791","title":{"rendered":"Professores t\u00eam reajuste salarial de 10% e Sinpro\/AL \u00e9 destaque em publica\u00e7\u00e3o do TRT"},"content":{"rendered":"<div id=\"attachment_3792\" style=\"width: 310px\" class=\"wp-caption alignleft\"><a href=\"http:\/\/sinpro-al.com.br\/v2\/wp-content\/uploads\/2017\/03\/p\u00e1gina-do-trt.jpg\"><img loading=\"lazy\" decoding=\"async\" aria-describedby=\"caption-attachment-3792\" class=\"wp-image-3792 size-medium\" src=\"http:\/\/sinpro-al.com.br\/v2\/wp-content\/uploads\/2017\/03\/p\u00e1gina-do-trt-300x245.jpg\" alt=\"p\u00e1gina do trt\" width=\"300\" height=\"245\" srcset=\"http:\/\/sinpro-al.com.br\/v2\/wp-content\/uploads\/2017\/03\/p\u00e1gina-do-trt-300x245.jpg 300w, http:\/\/sinpro-al.com.br\/v2\/wp-content\/uploads\/2017\/03\/p\u00e1gina-do-trt-768x627.jpg 768w, http:\/\/sinpro-al.com.br\/v2\/wp-content\/uploads\/2017\/03\/p\u00e1gina-do-trt.jpg 806w\" sizes=\"auto, (max-width: 300px) 100vw, 300px\" \/><\/a><p id=\"caption-attachment-3792\" class=\"wp-caption-text\">Sinpro\/AL \u00e9 destaque na p\u00e1gina do TRT<\/p><\/div>\n<p>Em audi\u00eancia de concilia\u00e7\u00e3o e instru\u00e7\u00e3o de diss\u00eddio coletivo realizada no Tribunal Regional do Trabalho da 19\u00aa Regi\u00e3o (TRT\/AL), os sindicatos dos Professores de Alagoas (Sinpro\/AL) e dos Estabelecimentos de Ensino no Estado (Sinepe) firmaram acordo em torno das cl\u00e1usulas do reajuste salarial da categoria. Na ocasi\u00e3o, os representantes sindicais procederam aos ajustes referentes aos anos de 2016 e 2017.<\/p>\n<p>Pelos termos conciliados, as escolas conceder\u00e3o reajuste de 10% com data base em mar\u00e7o de 2016, sem efeito retroativo. Tamb\u00e9m foi acordado previamente o reajuste de 5% para o per\u00edodo de 2017\/2018, com validade a partir de 1\u00ba de mar\u00e7o deste ano.<\/p>\n<p>O\u00a0\u00a0pagamento ter\u00e1 que ser efetuado j\u00e1 no pr\u00f3ximo vencimento recebido. \u00a0Foi decidido que a unifica\u00e7\u00e3o do recesso escolar sem atividades ocorrer\u00e1 entre os dias\u00a022 e 29 de junho e, de \u00a030.06 a 06.07, o recesso ser\u00e1 destinado ao planejamento pedag\u00f3gico. As cl\u00e1usulas sociais da conven\u00e7\u00e3o coletiva anterior ser\u00e3o mantidas.<\/p>\n<p>A audi\u00eancia foi conduzida pelo presidente do TRT\/AL, desembargador Pedro In\u00e1cio da Silva, e acompanhada pela representante do Minist\u00e9rio P\u00fablico do Trabalho da 19\u00aa Regi\u00e3o, procuradora Rosemeire Lopes de Lobo Ferreira. O desembargador Pedro In\u00e1cio concedeu prazo de 10 dias para que as partes juntem a minuta que contempla\u00a0todas as cl\u00e1usulas acordadas.<\/p>\n<p><strong>*Com informa\u00e7\u00f5es do TRT<\/strong><\/p>\n","protected":false},"excerpt":{"rendered":"<p>Em audi\u00eancia de concilia\u00e7\u00e3o e instru\u00e7\u00e3o de diss\u00eddio coletivo realizada no Tribunal Regional do Trabalho da 19\u00aa Regi\u00e3o (TRT\/AL), os sindicatos dos Professores de Alagoas (Sinpro\/AL) e dos Estabelecimentos de Ensino no Estado (Sinepe) firmaram acordo em torno das cl\u00e1usulas do reajuste salarial da categoria. Na ocasi\u00e3o, os representantes sindicais procederam aos ajustes referentes aos [&hellip;]<\/p>\n","protected":false},"author":4,"featured_media":3792,"comment_status":"open","ping_status":"open","sticky":false,"template":"","format":"standard","meta":{"footnotes":""},"categories":[4],"tags":[],"class_list":["post-3791","post","type-post","status-publish","format-standard","has-post-thumbnail","hentry","category-noticias-sinpro-al"],"_links":{"self":[{"href":"http:\/\/sinpro-al.com.br\/v2\/index.php?rest_route=\/wp\/v2\/posts\/3791","targetHints":{"allow":["GET"]}}],"collection":[{"href":"http:\/\/sinpro-al.com.br\/v2\/index.php?rest_route=\/wp\/v2\/posts"}],"about":[{"href":"http:\/\/sinpro-al.com.br\/v2\/index.php?rest_route=\/wp\/v2\/types\/post"}],"author":[{"embeddable":true,"href":"http:\/\/sinpro-al.com.br\/v2\/index.php?rest_route=\/wp\/v2\/users\/4"}],"replies":[{"embeddable":true,"href":"http:\/\/sinpro-al.com.br\/v2\/index.php?rest_route=%2Fwp%2Fv2%2Fcomments&post=3791"}],"version-history":[{"count":1,"href":"http:\/\/sinpro-al.com.br\/v2\/index.php?rest_route=\/wp\/v2\/posts\/3791\/revisions"}],"predecessor-version":[{"id":3793,"href":"http:\/\/sinpro-al.com.br\/v2\/index.php?rest_route=\/wp\/v2\/posts\/3791\/revisions\/3793"}],"wp:featuredmedia":[{"embeddable":true,"href":"http:\/\/sinpro-al.com.br\/v2\/index.php?rest_route=\/wp\/v2\/media\/3792"}],"wp:attachment":[{"href":"http:\/\/sinpro-al.com.br\/v2\/index.php?rest_route=%2Fwp%2Fv2%2Fmedia&parent=3791"}],"wp:term":[{"taxonomy":"category","embeddable":true,"href":"http:\/\/sinpro-al.com.br\/v2\/index.php?rest_route=%2Fwp%2Fv2%2Fcategories&post=3791"},{"taxonomy":"post_tag","embeddable":true,"href":"http:\/\/sinpro-al.com.br\/v2\/index.php?rest_route=%2Fwp%2Fv2%2Ftags&post=3791"}],"curies":[{"name":"wp","href":"https:\/\/api.w.org\/{rel}","templated":true}]}}