{"id":3786,"date":"2017-03-14T20:09:48","date_gmt":"2017-03-14T23:09:48","guid":{"rendered":"http:\/\/sinpro-al.com.br\/v2\/?p=3786"},"modified":"2017-03-14T20:18:14","modified_gmt":"2017-03-14T23:18:14","slug":"em-abril-sinproal-ira-para-nova-sede-no-bairro-do-farol","status":"publish","type":"post","link":"http:\/\/sinpro-al.com.br\/v2\/?p=3786","title":{"rendered":"Em abril: Sinpro\/AL ir\u00e1 para nova sede no bairro do Farol"},"content":{"rendered":"<p><a href=\"http:\/\/sinpro-al.com.br\/v2\/wp-content\/uploads\/2017\/03\/NOVO-ENDERE\u00c7O-SINPRO.jpg\"><img loading=\"lazy\" decoding=\"async\" class=\"alignleft wp-image-3787\" src=\"http:\/\/sinpro-al.com.br\/v2\/wp-content\/uploads\/2017\/03\/NOVO-ENDERE\u00c7O-SINPRO-192x300.jpg\" alt=\"NOVO ENDERE\u00c7O SINPRO\" width=\"196\" height=\"306\" srcset=\"http:\/\/sinpro-al.com.br\/v2\/wp-content\/uploads\/2017\/03\/NOVO-ENDERE\u00c7O-SINPRO-192x300.jpg 192w, http:\/\/sinpro-al.com.br\/v2\/wp-content\/uploads\/2017\/03\/NOVO-ENDERE\u00c7O-SINPRO.jpg 557w\" sizes=\"auto, (max-width: 196px) 100vw, 196px\" \/><\/a>O Sindicato dos Professores de Alagoas (Sinpro\/AL) visando o bem estar dos professores filiados ir\u00e1 para uma nova sede. O novo pr\u00e9dio fica localizado na Rua Santa Cruz, no bairro do Farol, em Macei\u00f3.<\/p>\n<p>Vale ressaltar que as atividades do Sinpro\/AL ainda est\u00e3o sendo realizadas na Rua Saldanha da Gama, 376, Farol.<\/p>\n<p>A expectativa \u00e9 que at\u00e9 o fim de abril a nova sede j\u00e1 esteja acomodando os educadores alagoanos. Esse mesmo canal de comunica\u00e7\u00e3o informar\u00e1 os professores do in\u00edcio das atividades na nova sede na Rua Santa Cruz.<\/p>\n<p>\u201cA mudan\u00e7a ser\u00e1 para melhor atender os professores. Essa medida est\u00e1 no projeto de melhorias para que o Sindicato dos Professores de Alagoas possa aprimorar sua estrutura e ampliar sua representatividade\u201d, enfatizou o presidente Eduardo Vasconcelos.<\/p>\n<p>Somos professores com orgulho e exigimos respeito!<\/p>\n","protected":false},"excerpt":{"rendered":"<p>O Sindicato dos Professores de Alagoas (Sinpro\/AL) visando o bem estar dos professores filiados ir\u00e1 para uma nova sede. O novo pr\u00e9dio fica localizado na Rua Santa Cruz, no bairro do Farol, em Macei\u00f3. Vale ressaltar que as atividades do Sinpro\/AL ainda est\u00e3o sendo realizadas na Rua Saldanha da Gama, 376, Farol. A expectativa \u00e9 [&hellip;]<\/p>\n","protected":false},"author":4,"featured_media":3787,"comment_status":"open","ping_status":"open","sticky":false,"template":"","format":"standard","meta":{"footnotes":""},"categories":[4],"tags":[],"class_list":["post-3786","post","type-post","status-publish","format-standard","has-post-thumbnail","hentry","category-noticias-sinpro-al"],"_links":{"self":[{"href":"http:\/\/sinpro-al.com.br\/v2\/index.php?rest_route=\/wp\/v2\/posts\/3786","targetHints":{"allow":["GET"]}}],"collection":[{"href":"http:\/\/sinpro-al.com.br\/v2\/index.php?rest_route=\/wp\/v2\/posts"}],"about":[{"href":"http:\/\/sinpro-al.com.br\/v2\/index.php?rest_route=\/wp\/v2\/types\/post"}],"author":[{"embeddable":true,"href":"http:\/\/sinpro-al.com.br\/v2\/index.php?rest_route=\/wp\/v2\/users\/4"}],"replies":[{"embeddable":true,"href":"http:\/\/sinpro-al.com.br\/v2\/index.php?rest_route=%2Fwp%2Fv2%2Fcomments&post=3786"}],"version-history":[{"count":2,"href":"http:\/\/sinpro-al.com.br\/v2\/index.php?rest_route=\/wp\/v2\/posts\/3786\/revisions"}],"predecessor-version":[{"id":3790,"href":"http:\/\/sinpro-al.com.br\/v2\/index.php?rest_route=\/wp\/v2\/posts\/3786\/revisions\/3790"}],"wp:featuredmedia":[{"embeddable":true,"href":"http:\/\/sinpro-al.com.br\/v2\/index.php?rest_route=\/wp\/v2\/media\/3787"}],"wp:attachment":[{"href":"http:\/\/sinpro-al.com.br\/v2\/index.php?rest_route=%2Fwp%2Fv2%2Fmedia&parent=3786"}],"wp:term":[{"taxonomy":"category","embeddable":true,"href":"http:\/\/sinpro-al.com.br\/v2\/index.php?rest_route=%2Fwp%2Fv2%2Fcategories&post=3786"},{"taxonomy":"post_tag","embeddable":true,"href":"http:\/\/sinpro-al.com.br\/v2\/index.php?rest_route=%2Fwp%2Fv2%2Ftags&post=3786"}],"curies":[{"name":"wp","href":"https:\/\/api.w.org\/{rel}","templated":true}]}}