{"id":3774,"date":"2017-03-10T15:13:30","date_gmt":"2017-03-10T18:13:30","guid":{"rendered":"http:\/\/sinpro-al.com.br\/v2\/?p=3774"},"modified":"2017-03-10T15:13:30","modified_gmt":"2017-03-10T18:13:30","slug":"amanha-113-sinproal-apoia-caminhada-de-janeiro-a-janeiro-para-elas","status":"publish","type":"post","link":"http:\/\/sinpro-al.com.br\/v2\/?p=3774","title":{"rendered":"Amanh\u00e3 (11\/3): Sinpro\/AL apoia \u201cCaminhada de janeiro a janeiro para elas\u201d"},"content":{"rendered":"<p><a href=\"http:\/\/sinpro-al.com.br\/v2\/wp-content\/uploads\/2017\/03\/parque-caminhada.jpg\"><img loading=\"lazy\" decoding=\"async\" class=\"alignleft  wp-image-3776\" src=\"http:\/\/sinpro-al.com.br\/v2\/wp-content\/uploads\/2017\/03\/parque-caminhada-300x156.jpg\" alt=\"parque caminhada\" width=\"325\" height=\"169\" srcset=\"http:\/\/sinpro-al.com.br\/v2\/wp-content\/uploads\/2017\/03\/parque-caminhada-300x156.jpg 300w, http:\/\/sinpro-al.com.br\/v2\/wp-content\/uploads\/2017\/03\/parque-caminhada-768x399.jpg 768w, http:\/\/sinpro-al.com.br\/v2\/wp-content\/uploads\/2017\/03\/parque-caminhada-1024x532.jpg 1024w, http:\/\/sinpro-al.com.br\/v2\/wp-content\/uploads\/2017\/03\/parque-caminhada.jpg 1100w\" sizes=\"auto, (max-width: 325px) 100vw, 325px\" \/><\/a>O Sindicato dos Professores de Alagoas (Sinpro\/AL) \u00e9 um dos parceiros da \u201cCaminhada de janeiro a janeiro para elas\u201d que ir\u00e1 ocorrer no Parque Municipal, em Macei\u00f3, amanh\u00e3, 11\/03, \u00e0s 8h. \u00a0A caminha faz alus\u00e3o \u00e0s comemora\u00e7\u00f5es do Dia Internacional da Mulher, reverenciado no \u00faltimo 8 de mar\u00e7o.<\/p>\n<p>Ap\u00f3s a caminhada os participantes ter\u00e3o um momento de medita\u00e7\u00e3o mindfulness, que visa aumentar o foco dos praticantes. A t\u00e9cnica do mindfulness se baseia na tentativa do sujeito viver aten\u00e7\u00e3o plena de cada momento vivenciado. A \u201cCaminhada de janeiro a janeiro para elas\u201d \u00e9 uma realiza\u00e7\u00e3o das psic\u00f3logas Fabiana Amorim e L\u00edgia Cavalcante, al\u00e9m da fisioterapeuta Danieska Alves.<\/p>\n<p>Todos os professores e a sociedade alagoana est\u00e3o convidados para participar de um momento de encontro com a natureza e com n\u00f3s mesmos, porque contemplar a natureza \u00e9 promover a sa\u00fade mental.<\/p>\n<p>Quem vai para o Parque Municipal nesse s\u00e1bado tamb\u00e9m poder\u00e1 participar do evento \u201cVem pra o Parque, arretada! A iniciativa trar\u00e1 momentos de beleza, como: maquiagem e cabelo. Outra op\u00e7\u00e3o de lazer e sa\u00fade \u00e9 a aula de pilates.<\/p>\n<p>As duas a\u00e7\u00f5es acontecem em conjunto e voc\u00ea n\u00e3o pode ficar de fora!<\/p>\n<p>&nbsp;<\/p>\n<p>&nbsp;<\/p>\n","protected":false},"excerpt":{"rendered":"<p>O Sindicato dos Professores de Alagoas (Sinpro\/AL) \u00e9 um dos parceiros da \u201cCaminhada de janeiro a janeiro para elas\u201d que ir\u00e1 ocorrer no Parque Municipal, em Macei\u00f3, amanh\u00e3, 11\/03, \u00e0s 8h. \u00a0A caminha faz alus\u00e3o \u00e0s comemora\u00e7\u00f5es do Dia Internacional da Mulher, reverenciado no \u00faltimo 8 de mar\u00e7o. Ap\u00f3s a caminhada os participantes ter\u00e3o um [&hellip;]<\/p>\n","protected":false},"author":4,"featured_media":3776,"comment_status":"open","ping_status":"open","sticky":false,"template":"","format":"standard","meta":{"footnotes":""},"categories":[4],"tags":[],"class_list":["post-3774","post","type-post","status-publish","format-standard","has-post-thumbnail","hentry","category-noticias-sinpro-al"],"_links":{"self":[{"href":"http:\/\/sinpro-al.com.br\/v2\/index.php?rest_route=\/wp\/v2\/posts\/3774","targetHints":{"allow":["GET"]}}],"collection":[{"href":"http:\/\/sinpro-al.com.br\/v2\/index.php?rest_route=\/wp\/v2\/posts"}],"about":[{"href":"http:\/\/sinpro-al.com.br\/v2\/index.php?rest_route=\/wp\/v2\/types\/post"}],"author":[{"embeddable":true,"href":"http:\/\/sinpro-al.com.br\/v2\/index.php?rest_route=\/wp\/v2\/users\/4"}],"replies":[{"embeddable":true,"href":"http:\/\/sinpro-al.com.br\/v2\/index.php?rest_route=%2Fwp%2Fv2%2Fcomments&post=3774"}],"version-history":[{"count":1,"href":"http:\/\/sinpro-al.com.br\/v2\/index.php?rest_route=\/wp\/v2\/posts\/3774\/revisions"}],"predecessor-version":[{"id":3777,"href":"http:\/\/sinpro-al.com.br\/v2\/index.php?rest_route=\/wp\/v2\/posts\/3774\/revisions\/3777"}],"wp:featuredmedia":[{"embeddable":true,"href":"http:\/\/sinpro-al.com.br\/v2\/index.php?rest_route=\/wp\/v2\/media\/3776"}],"wp:attachment":[{"href":"http:\/\/sinpro-al.com.br\/v2\/index.php?rest_route=%2Fwp%2Fv2%2Fmedia&parent=3774"}],"wp:term":[{"taxonomy":"category","embeddable":true,"href":"http:\/\/sinpro-al.com.br\/v2\/index.php?rest_route=%2Fwp%2Fv2%2Fcategories&post=3774"},{"taxonomy":"post_tag","embeddable":true,"href":"http:\/\/sinpro-al.com.br\/v2\/index.php?rest_route=%2Fwp%2Fv2%2Ftags&post=3774"}],"curies":[{"name":"wp","href":"https:\/\/api.w.org\/{rel}","templated":true}]}}