{"id":3760,"date":"2017-03-08T12:34:02","date_gmt":"2017-03-08T15:34:02","guid":{"rendered":"http:\/\/sinpro-al.com.br\/v2\/?p=3760"},"modified":"2017-03-08T12:34:47","modified_gmt":"2017-03-08T15:34:47","slug":"assembleia-geral-dos-professores-sera-realizada-no-sabado-1103","status":"publish","type":"post","link":"http:\/\/sinpro-al.com.br\/v2\/?p=3760","title":{"rendered":"Assembleia geral dos professores ser\u00e1 realizada no s\u00e1bado (11\/03)"},"content":{"rendered":"<div class=\"\" data-block=\"true\" data-editor=\"epecp\" data-offset-key=\"89oqm-0-0\">\n<div class=\"_1mf _1mj\" data-offset-key=\"89oqm-0-0\"><span data-offset-key=\"89oqm-0-0\"><span data-text=\"true\">O SINDICATO DOS PROFESSORES DO ESTADO DE ALAGOAS \u2013 SINPRO\/AL, atrav\u00e9s de seu Diretor Presidente, CONVOCA os docentes do ensino privado de Alagoas, associados e quites com suas obriga\u00e7\u00f5es legais e estatut\u00e1rias, para uma assembleia geral para o pr\u00f3ximo dia, 11\/03, no audit\u00f3rio do Sindicato dos Trabalhadores em Estabelecimentos de Ensino Privado de Alagoas \u2013 SINTEP, na Rua Lourival Vieira Costa, 32, Prado \u2013 Macei\u00f3 \u2013 Alagoas, \u00e0s 12h em primeira convoca\u00e7\u00e3o e \u00e0s 12h30, em segunda e \u00faltima. Pauta: NEGOCIA\u00c7\u00c3O SALARIAL 2016 E 2017, CONFERIR PODERES \u00c0 DIRETORIA DESTA ENTIDADE PARA EMPREENDER AS NEGOCIA\u00c7\u00d5ES NECESS\u00c1RIAS COM OS REPRESENTANTES DAS INSTITUI\u00c7\u00d5ES DE EDUCA\u00c7\u00c3O DO ENSINO B\u00c1SICO E DO ENSINO SUPERIOR COM VISTA \u00c0 CELEBRA\u00c7\u00c3O DE ACORDO COLETIVO DE TRABALHO, AUTORIZA\u00c7\u00c3O PARA O DESCONTO DA TAXA ASSITENCIAL 2017 E DISCUSS\u00c3O SOBRE O REAJUSTE DA MENSALIDADE SINDICAL EM 2017.<\/span><\/span><\/div>\n<\/div>\n<div class=\"\" data-block=\"true\" data-editor=\"epecp\" data-offset-key=\"a8f8u-0-0\">\n<div class=\"_1mf _1mj\" data-offset-key=\"a8f8u-0-0\"><span data-offset-key=\"a8f8u-0-0\">\u00a0<\/span><\/div>\n<\/div>\n<div class=\"\" data-block=\"true\" data-editor=\"epecp\" data-offset-key=\"5faq4-0-0\">\n<div class=\"_1mf _1mj\" style=\"text-align: center;\" data-offset-key=\"5faq4-0-0\"><strong><span data-offset-key=\"5faq4-0-0\"><span data-text=\"true\">Macei\u00f3, Alagoas, 22 de fevereiro de 2017.<\/span><\/span><\/strong><\/div>\n<div class=\"_1mf _1mj\" style=\"text-align: center;\" data-offset-key=\"5faq4-0-0\">Eduardo Vasconcelos<\/div>\n<\/div>\n","protected":false},"excerpt":{"rendered":"<p>O SINDICATO DOS PROFESSORES DO ESTADO DE ALAGOAS \u2013 SINPRO\/AL, atrav\u00e9s de seu Diretor Presidente, CONVOCA os docentes do ensino privado de Alagoas, associados e quites com suas obriga\u00e7\u00f5es legais e estatut\u00e1rias, para uma assembleia geral para o pr\u00f3ximo dia, 11\/03, no audit\u00f3rio do Sindicato dos Trabalhadores em Estabelecimentos de Ensino Privado de Alagoas \u2013 [&hellip;]<\/p>\n","protected":false},"author":4,"featured_media":3175,"comment_status":"open","ping_status":"open","sticky":false,"template":"","format":"standard","meta":{"footnotes":""},"categories":[4],"tags":[],"class_list":["post-3760","post","type-post","status-publish","format-standard","has-post-thumbnail","hentry","category-noticias-sinpro-al"],"_links":{"self":[{"href":"http:\/\/sinpro-al.com.br\/v2\/index.php?rest_route=\/wp\/v2\/posts\/3760","targetHints":{"allow":["GET"]}}],"collection":[{"href":"http:\/\/sinpro-al.com.br\/v2\/index.php?rest_route=\/wp\/v2\/posts"}],"about":[{"href":"http:\/\/sinpro-al.com.br\/v2\/index.php?rest_route=\/wp\/v2\/types\/post"}],"author":[{"embeddable":true,"href":"http:\/\/sinpro-al.com.br\/v2\/index.php?rest_route=\/wp\/v2\/users\/4"}],"replies":[{"embeddable":true,"href":"http:\/\/sinpro-al.com.br\/v2\/index.php?rest_route=%2Fwp%2Fv2%2Fcomments&post=3760"}],"version-history":[{"count":1,"href":"http:\/\/sinpro-al.com.br\/v2\/index.php?rest_route=\/wp\/v2\/posts\/3760\/revisions"}],"predecessor-version":[{"id":3761,"href":"http:\/\/sinpro-al.com.br\/v2\/index.php?rest_route=\/wp\/v2\/posts\/3760\/revisions\/3761"}],"wp:featuredmedia":[{"embeddable":true,"href":"http:\/\/sinpro-al.com.br\/v2\/index.php?rest_route=\/wp\/v2\/media\/3175"}],"wp:attachment":[{"href":"http:\/\/sinpro-al.com.br\/v2\/index.php?rest_route=%2Fwp%2Fv2%2Fmedia&parent=3760"}],"wp:term":[{"taxonomy":"category","embeddable":true,"href":"http:\/\/sinpro-al.com.br\/v2\/index.php?rest_route=%2Fwp%2Fv2%2Fcategories&post=3760"},{"taxonomy":"post_tag","embeddable":true,"href":"http:\/\/sinpro-al.com.br\/v2\/index.php?rest_route=%2Fwp%2Fv2%2Ftags&post=3760"}],"curies":[{"name":"wp","href":"https:\/\/api.w.org\/{rel}","templated":true}]}}