{"id":3732,"date":"2017-02-21T07:15:27","date_gmt":"2017-02-21T10:15:27","guid":{"rendered":"http:\/\/sinpro-al.com.br\/v2\/?p=3732"},"modified":"2017-02-21T07:15:27","modified_gmt":"2017-02-21T10:15:27","slug":"dissidio-coletivo-nova-audiencia-esta-marcada-para-o-dia-11-de-marco","status":"publish","type":"post","link":"http:\/\/sinpro-al.com.br\/v2\/?p=3732","title":{"rendered":"Diss\u00eddio coletivo: nova audi\u00eancia est\u00e1 marcada para o dia 11 de mar\u00e7o"},"content":{"rendered":"<div id=\"attachment_3733\" style=\"width: 310px\" class=\"wp-caption alignleft\"><a href=\"http:\/\/sinpro-al.com.br\/v2\/wp-content\/uploads\/2017\/02\/tre.jpg\"><img loading=\"lazy\" decoding=\"async\" aria-describedby=\"caption-attachment-3733\" class=\"wp-image-3733 size-medium\" src=\"http:\/\/sinpro-al.com.br\/v2\/wp-content\/uploads\/2017\/02\/tre-300x241.jpg\" alt=\"tre\" width=\"300\" height=\"241\" srcset=\"http:\/\/sinpro-al.com.br\/v2\/wp-content\/uploads\/2017\/02\/tre-300x241.jpg 300w, http:\/\/sinpro-al.com.br\/v2\/wp-content\/uploads\/2017\/02\/tre-768x617.jpg 768w, http:\/\/sinpro-al.com.br\/v2\/wp-content\/uploads\/2017\/02\/tre.jpg 796w\" sizes=\"auto, (max-width: 300px) 100vw, 300px\" \/><\/a><p id=\"caption-attachment-3733\" class=\"wp-caption-text\">P\u00e1gina do TRT destaca atua\u00e7\u00e3o do Sinpro\/AL<\/p><\/div>\n<p>O Tribunal Regional do Trabalho repercutiu em seu portal o pleito de reajuste dos professores. A publica\u00e7\u00e3o contou ainda com a nova data, 11 de mar\u00e7o, para discutir a instru\u00e7\u00e3o de diss\u00eddio coletivo envolvendo o Sindicato dos Professores de Alagoas (Sinpro\/AL) e o Sindicato dos Estabelecimentos de Ensino do Estado (Sinepe\/AL).<\/p>\n<p><strong>Confira a mat\u00e9ria na \u00edntegra:\u00a0<\/strong><a href=\"http:\/\/www.trt19.jus.br\/siteTRT19\/portal\/portalNoticias.jsp?codigoArt=11310\">http:\/\/www.trt19.jus.br\/siteTRT19\/portal\/portalNoticias.jsp?codigoArt=11310<\/a><\/p>\n<p>O Tribunal Regional do Trab.alho da 19\u00aa Regi\u00e3o (TRT\/AL) agendou para o dia 13 de mar\u00e7o, \u00e0s 11h, audi\u00eancia de concilia\u00e7\u00e3o e instru\u00e7\u00e3o de diss\u00eddio coletivo envolvendo o Sindicato dos Professores do Estado de Alagoas (Sinpro\/AL) e o Sindicato dos Estabelecimentos de Ensino do Estado (Sinepe\/AL). As duas entidades participaram de audi\u00eancia no Tribunal nesta segunda-feira (20), que acabou sendo adiada depois que o desembargador Pedro In\u00e1cio da Silva observou que o Sindicato das escolas n\u00e3o teve ci\u00eancia de um termo de aditamento interposto pelo\u00a0Sinpro.<\/p>\n<p>O Sindicato dos professores pleiteia reajuste de 11,07%. O Sinepe lan\u00e7ou contraproposta de 9%. Ao final da audi\u00eancia, os representantes do Sinpro se comprometeram a levar a proposta \u00e0 assembleia da categoria.<\/p>\n<p>A audi\u00eancia foi acompanhada pela procuradora do Minist\u00e9rio P\u00fablico do Trabalho da 19\u00aa Regi\u00e3o, Eme Carla Cruz da Silva Carvallho. O Sinepe e o Sinpro foram respectivamente \u00a0representados pelos seus presidentes, B\u00e1rbara Heliodora Costa e Silva e Eduardo Jorge Vasconcelos de Lima.<\/p>\n<p><strong>O que \u00e9 diss\u00eddio coletivo?<\/strong><\/p>\n<p>Diss\u00eddios coletivos s\u00e3o a\u00e7\u00f5es propostas \u00e0 Justi\u00e7a do Trabalho por pessoas jur\u00eddicas (Sindicatos, Federa\u00e7\u00f5es ou Confedera\u00e7\u00f5es de trabalhadores ou de empregadores) para solucionar quest\u00f5es que n\u00e3o puderam ser solucionadas pela negocia\u00e7\u00e3o direta entre trabalhadores e empregadores.<\/p>\n<p>Os diss\u00eddios coletivos podem ser de natureza econ\u00f4mica ou jur\u00eddica. Os de natureza econ\u00f4mica criam normas que regulamentam os contratos individuais de trabalho como, por exemplo, cl\u00e1usulas que concedem reajustes salariais ou que garantem estabilidades provis\u00f3rias no emprego.<\/p>\n<p>Os diss\u00eddios de natureza jur\u00eddica, conhecidos tamb\u00e9m como diss\u00eddios coletivos de direito, visam a interpreta\u00e7\u00e3o de uma norma legal preexistente que, na maioria das vezes, \u00e9 costumeira ou resultante de acordo, conven\u00e7\u00e3o ou diss\u00eddio coletivo.<\/p>\n<p>Somos professores com orgulho e exigimos respeito!<\/p>\n","protected":false},"excerpt":{"rendered":"<p>O Tribunal Regional do Trabalho repercutiu em seu portal o pleito de reajuste dos professores. A publica\u00e7\u00e3o contou ainda com a nova data, 11 de mar\u00e7o, para discutir a instru\u00e7\u00e3o de diss\u00eddio coletivo envolvendo o Sindicato dos Professores de Alagoas (Sinpro\/AL) e o Sindicato dos Estabelecimentos de Ensino do Estado (Sinepe\/AL). Confira a mat\u00e9ria na [&hellip;]<\/p>\n","protected":false},"author":4,"featured_media":3733,"comment_status":"open","ping_status":"open","sticky":false,"template":"","format":"standard","meta":{"footnotes":""},"categories":[4],"tags":[],"class_list":["post-3732","post","type-post","status-publish","format-standard","has-post-thumbnail","hentry","category-noticias-sinpro-al"],"_links":{"self":[{"href":"http:\/\/sinpro-al.com.br\/v2\/index.php?rest_route=\/wp\/v2\/posts\/3732","targetHints":{"allow":["GET"]}}],"collection":[{"href":"http:\/\/sinpro-al.com.br\/v2\/index.php?rest_route=\/wp\/v2\/posts"}],"about":[{"href":"http:\/\/sinpro-al.com.br\/v2\/index.php?rest_route=\/wp\/v2\/types\/post"}],"author":[{"embeddable":true,"href":"http:\/\/sinpro-al.com.br\/v2\/index.php?rest_route=\/wp\/v2\/users\/4"}],"replies":[{"embeddable":true,"href":"http:\/\/sinpro-al.com.br\/v2\/index.php?rest_route=%2Fwp%2Fv2%2Fcomments&post=3732"}],"version-history":[{"count":1,"href":"http:\/\/sinpro-al.com.br\/v2\/index.php?rest_route=\/wp\/v2\/posts\/3732\/revisions"}],"predecessor-version":[{"id":3734,"href":"http:\/\/sinpro-al.com.br\/v2\/index.php?rest_route=\/wp\/v2\/posts\/3732\/revisions\/3734"}],"wp:featuredmedia":[{"embeddable":true,"href":"http:\/\/sinpro-al.com.br\/v2\/index.php?rest_route=\/wp\/v2\/media\/3733"}],"wp:attachment":[{"href":"http:\/\/sinpro-al.com.br\/v2\/index.php?rest_route=%2Fwp%2Fv2%2Fmedia&parent=3732"}],"wp:term":[{"taxonomy":"category","embeddable":true,"href":"http:\/\/sinpro-al.com.br\/v2\/index.php?rest_route=%2Fwp%2Fv2%2Fcategories&post=3732"},{"taxonomy":"post_tag","embeddable":true,"href":"http:\/\/sinpro-al.com.br\/v2\/index.php?rest_route=%2Fwp%2Fv2%2Ftags&post=3732"}],"curies":[{"name":"wp","href":"https:\/\/api.w.org\/{rel}","templated":true}]}}