{"id":373,"date":"2014-06-30T09:38:14","date_gmt":"2014-06-30T12:38:14","guid":{"rendered":"http:\/\/sinpro-al.com.br\/v2\/?p=373"},"modified":"2014-06-30T09:40:28","modified_gmt":"2014-06-30T12:40:28","slug":"sinpro-al-realiza-o-iv-forro-do-fesso","status":"publish","type":"post","link":"http:\/\/sinpro-al.com.br\/v2\/?p=373","title":{"rendered":"Sinpro-AL realiza o IV Forr\u00f3 do Fess\u00f4"},"content":{"rendered":"<p>Nesta sexta-feira (27) 0 Sindicato dos Professores do Estado de Alagoas (Sinpro-AL) realizou a quarta edi\u00e7\u00e3o do Forr\u00f3 do Fess\u00f4. O evento junino ocorreu no Sindicato dos Banc\u00e1rios, localizado no Centro de Macei\u00f3, e contou com a anima\u00e7\u00e3o da banda Os Malaquias do Forr\u00f3.<\/p>\n<p>Assim que chegavam, os participantes era recepcionados com uma mesa de comidas t\u00edpicas regada a milho cozinhado, bolos, canjica e pamonha, entrando ainda mais no clima nos festejos. Os professores ainda contaram com caldos quentes, animando ainda mais a noite.<\/p>\n<p>Durante a noite a banda tocou sucessos antigos e novos animando os sindicalizados e os familiares que estavam presentes no local.<\/p>\n<p>A diretoria do Sinpro-AL, assim como seus funcion\u00e1rios, estava presente no evento conversando com os convidados e conduzindo a festa.<\/p>\n\n\t\t<style type=\"text\/css\">\n\t\t\t#gallery-1 {\n\t\t\t\tmargin: auto;\n\t\t\t}\n\t\t\t#gallery-1 .gallery-item {\n\t\t\t\tfloat: left;\n\t\t\t\tmargin-top: 10px;\n\t\t\t\ttext-align: center;\n\t\t\t\twidth: 33%;\n\t\t\t}\n\t\t\t#gallery-1 img {\n\t\t\t\tborder: 2px solid #cfcfcf;\n\t\t\t}\n\t\t\t#gallery-1 .gallery-caption {\n\t\t\t\tmargin-left: 0;\n\t\t\t}\n\t\t\t\/* see gallery_shortcode() in wp-includes\/media.php *\/\n\t\t<\/style>\n\t\t<div id='gallery-1' class='gallery galleryid-373 gallery-columns-3 gallery-size-thumbnail'><dl class='gallery-item'>\n\t\t\t<dt class='gallery-icon portrait'>\n\t\t\t\t<a href='http:\/\/sinpro-al.com.br\/v2\/?attachment_id=374'><img loading=\"lazy\" decoding=\"async\" width=\"150\" height=\"150\" src=\"http:\/\/sinpro-al.com.br\/v2\/wp-content\/uploads\/2014\/06\/SAM_0643-150x150.jpg\" class=\"attachment-thumbnail size-thumbnail\" alt=\"\" \/><\/a>\n\t\t\t<\/dt><\/dl><dl class='gallery-item'>\n\t\t\t<dt class='gallery-icon landscape'>\n\t\t\t\t<a href='http:\/\/sinpro-al.com.br\/v2\/?attachment_id=375'><img loading=\"lazy\" decoding=\"async\" width=\"150\" height=\"150\" src=\"http:\/\/sinpro-al.com.br\/v2\/wp-content\/uploads\/2014\/06\/SAM_0645-150x150.jpg\" class=\"attachment-thumbnail size-thumbnail\" alt=\"\" \/><\/a>\n\t\t\t<\/dt><\/dl><dl class='gallery-item'>\n\t\t\t<dt class='gallery-icon landscape'>\n\t\t\t\t<a href='http:\/\/sinpro-al.com.br\/v2\/?attachment_id=376'><img loading=\"lazy\" decoding=\"async\" width=\"150\" height=\"150\" src=\"http:\/\/sinpro-al.com.br\/v2\/wp-content\/uploads\/2014\/06\/SAM_0646-150x150.jpg\" class=\"attachment-thumbnail size-thumbnail\" alt=\"\" \/><\/a>\n\t\t\t<\/dt><\/dl><br style=\"clear: both\" \/><dl class='gallery-item'>\n\t\t\t<dt class='gallery-icon landscape'>\n\t\t\t\t<a href='http:\/\/sinpro-al.com.br\/v2\/?attachment_id=377'><img loading=\"lazy\" decoding=\"async\" width=\"150\" height=\"150\" src=\"http:\/\/sinpro-al.com.br\/v2\/wp-content\/uploads\/2014\/06\/SAM_0649-150x150.jpg\" class=\"attachment-thumbnail size-thumbnail\" alt=\"\" \/><\/a>\n\t\t\t<\/dt><\/dl><dl class='gallery-item'>\n\t\t\t<dt class='gallery-icon landscape'>\n\t\t\t\t<a href='http:\/\/sinpro-al.com.br\/v2\/?attachment_id=378'><img loading=\"lazy\" decoding=\"async\" width=\"150\" height=\"150\" src=\"http:\/\/sinpro-al.com.br\/v2\/wp-content\/uploads\/2014\/06\/SAM_0651-150x150.jpg\" class=\"attachment-thumbnail size-thumbnail\" alt=\"\" \/><\/a>\n\t\t\t<\/dt><\/dl>\n\t\t\t<br style='clear: both' \/>\n\t\t<\/div>\n\n<p>&nbsp;<\/p>\n","protected":false},"excerpt":{"rendered":"<p>Nesta sexta-feira (27) 0 Sindicato dos Professores do Estado de Alagoas (Sinpro-AL) realizou a quarta edi\u00e7\u00e3o do Forr\u00f3 do Fess\u00f4. O evento junino ocorreu no Sindicato dos Banc\u00e1rios, localizado no Centro de Macei\u00f3, e contou com a anima\u00e7\u00e3o da banda Os Malaquias do Forr\u00f3. Assim que chegavam, os participantes era recepcionados com uma mesa de [&hellip;]<\/p>\n","protected":false},"author":4,"featured_media":0,"comment_status":"open","ping_status":"open","sticky":false,"template":"","format":"standard","meta":{"footnotes":""},"categories":[18,13,4],"tags":[],"class_list":["post-373","post","type-post","status-publish","format-standard","hentry","category-alagoas","category-educacao","category-noticias-sinpro-al"],"_links":{"self":[{"href":"http:\/\/sinpro-al.com.br\/v2\/index.php?rest_route=\/wp\/v2\/posts\/373","targetHints":{"allow":["GET"]}}],"collection":[{"href":"http:\/\/sinpro-al.com.br\/v2\/index.php?rest_route=\/wp\/v2\/posts"}],"about":[{"href":"http:\/\/sinpro-al.com.br\/v2\/index.php?rest_route=\/wp\/v2\/types\/post"}],"author":[{"embeddable":true,"href":"http:\/\/sinpro-al.com.br\/v2\/index.php?rest_route=\/wp\/v2\/users\/4"}],"replies":[{"embeddable":true,"href":"http:\/\/sinpro-al.com.br\/v2\/index.php?rest_route=%2Fwp%2Fv2%2Fcomments&post=373"}],"version-history":[{"count":3,"href":"http:\/\/sinpro-al.com.br\/v2\/index.php?rest_route=\/wp\/v2\/posts\/373\/revisions"}],"predecessor-version":[{"id":381,"href":"http:\/\/sinpro-al.com.br\/v2\/index.php?rest_route=\/wp\/v2\/posts\/373\/revisions\/381"}],"wp:attachment":[{"href":"http:\/\/sinpro-al.com.br\/v2\/index.php?rest_route=%2Fwp%2Fv2%2Fmedia&parent=373"}],"wp:term":[{"taxonomy":"category","embeddable":true,"href":"http:\/\/sinpro-al.com.br\/v2\/index.php?rest_route=%2Fwp%2Fv2%2Fcategories&post=373"},{"taxonomy":"post_tag","embeddable":true,"href":"http:\/\/sinpro-al.com.br\/v2\/index.php?rest_route=%2Fwp%2Fv2%2Ftags&post=373"}],"curies":[{"name":"wp","href":"https:\/\/api.w.org\/{rel}","templated":true}]}}