{"id":3709,"date":"2017-02-17T18:11:43","date_gmt":"2017-02-17T21:11:43","guid":{"rendered":"http:\/\/sinpro-al.com.br\/v2\/?p=3709"},"modified":"2017-02-17T18:27:54","modified_gmt":"2017-02-17T21:27:54","slug":"campanha-do-sinproal-reconhecida-nacionalmente-e-seguida-pelo-sinteal","status":"publish","type":"post","link":"http:\/\/sinpro-al.com.br\/v2\/?p=3709","title":{"rendered":"Campanha do Sinpro\/AL reconhecida nacionalmente \u00e9 seguida pelo Sinteal"},"content":{"rendered":"<div id=\"attachment_3705\" style=\"width: 206px\" class=\"wp-caption alignleft\"><a href=\"http:\/\/sinpro-al.com.br\/v2\/wp-content\/uploads\/2017\/02\/pedro.jpg\"><img loading=\"lazy\" decoding=\"async\" aria-describedby=\"caption-attachment-3705\" class=\"wp-image-3705 size-medium\" src=\"http:\/\/sinpro-al.com.br\/v2\/wp-content\/uploads\/2017\/02\/pedro-196x300.jpg\" alt=\"pedro\" width=\"196\" height=\"300\" srcset=\"http:\/\/sinpro-al.com.br\/v2\/wp-content\/uploads\/2017\/02\/pedro-196x300.jpg 196w, http:\/\/sinpro-al.com.br\/v2\/wp-content\/uploads\/2017\/02\/pedro.jpg 480w\" sizes=\"auto, (max-width: 196px) 100vw, 196px\" \/><\/a><p id=\"caption-attachment-3705\" class=\"wp-caption-text\">Campanha do Sinpro\/AL<\/p><\/div>\n<p>Essa semana o Sindicato dos Professores de Alagoas (Sinpro\/AL) deflagrou uma campanha contra a reforma da Previd\u00eancia na qual questiona os deputados federais alagoanos: deputado, o senhor \u00e9 a favor desse absurdo?<\/p>\n<p>Prontamente a\u00a0Confedera\u00e7\u00e3o Nacional\u00a0dos Trabalhadores em Estabelecimentos de Ensino \u00a0(Contee) reconheceu a iniciativa da entidade classista e fez men\u00e7\u00e3o nacional em seu portal de not\u00edcias: <a href=\"http:\/\/contee.org.br\/contee2017\/index.php\/2017\/02\/sinpro-al-faz-acao-junto-a-deputado-contra-reforma-da-previdencia\/\">http:\/\/contee.org.br\/contee2017\/index.php\/2017\/02\/sinpro-al-faz-acao-junto-a-deputado-contra-reforma-da-previdencia\/<\/a><\/p>\n<p>&nbsp;<\/p>\n<div id=\"attachment_3712\" style=\"width: 285px\" class=\"wp-caption alignleft\"><a href=\"http:\/\/sinpro-al.com.br\/v2\/wp-content\/uploads\/2017\/02\/IMG-20170217-WA0092.jpg\"><img loading=\"lazy\" decoding=\"async\" aria-describedby=\"caption-attachment-3712\" class=\"size-medium wp-image-3712\" src=\"http:\/\/sinpro-al.com.br\/v2\/wp-content\/uploads\/2017\/02\/IMG-20170217-WA0092-275x300.jpg\" alt=\"Campanha do Sinteal\" width=\"275\" height=\"300\" srcset=\"http:\/\/sinpro-al.com.br\/v2\/wp-content\/uploads\/2017\/02\/IMG-20170217-WA0092-275x300.jpg 275w, http:\/\/sinpro-al.com.br\/v2\/wp-content\/uploads\/2017\/02\/IMG-20170217-WA0092-768x837.jpg 768w, http:\/\/sinpro-al.com.br\/v2\/wp-content\/uploads\/2017\/02\/IMG-20170217-WA0092-940x1024.jpg 940w, http:\/\/sinpro-al.com.br\/v2\/wp-content\/uploads\/2017\/02\/IMG-20170217-WA0092.jpg 1175w\" sizes=\"auto, (max-width: 275px) 100vw, 275px\" \/><\/a><p id=\"caption-attachment-3712\" class=\"wp-caption-text\">Campanha do Sinteal<\/p><\/div>\n<p>Seguindo a onda de questionamento aos parlamentares idealizada pelo Sinpro\/AL, o Sinteal come\u00e7ou no dia de hoje uma campanha similar \u00a0onde coloca: Deputado vai votar a favor disso?<\/p>\n<p>O Sindicato dos Professores de Alagoas segue em defesa dos educadores e dos trabalhadores, entendendo que a reforma da Previd\u00eancia que est\u00e1 posta ir\u00e1 suprimir direitos hist\u00f3ricos do povo brasileiro.<\/p>\n<p><strong>Saiba mais:<\/strong> <a href=\"http:\/\/sinpro-al.com.br\/v2\/?p=3644\">http:\/\/sinpro-al.com.br\/v2\/?p=3644<\/a><\/p>\n<p>Somos professores com orgulho e exigimos respeito!<\/p>\n","protected":false},"excerpt":{"rendered":"<p>Essa semana o Sindicato dos Professores de Alagoas (Sinpro\/AL) deflagrou uma campanha contra a reforma da Previd\u00eancia na qual questiona os deputados federais alagoanos: deputado, o senhor \u00e9 a favor desse absurdo? Prontamente a\u00a0Confedera\u00e7\u00e3o Nacional\u00a0dos Trabalhadores em Estabelecimentos de Ensino \u00a0(Contee) reconheceu a iniciativa da entidade classista e fez men\u00e7\u00e3o nacional em seu portal de [&hellip;]<\/p>\n","protected":false},"author":4,"featured_media":3712,"comment_status":"open","ping_status":"open","sticky":false,"template":"","format":"standard","meta":{"footnotes":""},"categories":[4],"tags":[],"class_list":["post-3709","post","type-post","status-publish","format-standard","has-post-thumbnail","hentry","category-noticias-sinpro-al"],"_links":{"self":[{"href":"http:\/\/sinpro-al.com.br\/v2\/index.php?rest_route=\/wp\/v2\/posts\/3709","targetHints":{"allow":["GET"]}}],"collection":[{"href":"http:\/\/sinpro-al.com.br\/v2\/index.php?rest_route=\/wp\/v2\/posts"}],"about":[{"href":"http:\/\/sinpro-al.com.br\/v2\/index.php?rest_route=\/wp\/v2\/types\/post"}],"author":[{"embeddable":true,"href":"http:\/\/sinpro-al.com.br\/v2\/index.php?rest_route=\/wp\/v2\/users\/4"}],"replies":[{"embeddable":true,"href":"http:\/\/sinpro-al.com.br\/v2\/index.php?rest_route=%2Fwp%2Fv2%2Fcomments&post=3709"}],"version-history":[{"count":6,"href":"http:\/\/sinpro-al.com.br\/v2\/index.php?rest_route=\/wp\/v2\/posts\/3709\/revisions"}],"predecessor-version":[{"id":3716,"href":"http:\/\/sinpro-al.com.br\/v2\/index.php?rest_route=\/wp\/v2\/posts\/3709\/revisions\/3716"}],"wp:featuredmedia":[{"embeddable":true,"href":"http:\/\/sinpro-al.com.br\/v2\/index.php?rest_route=\/wp\/v2\/media\/3712"}],"wp:attachment":[{"href":"http:\/\/sinpro-al.com.br\/v2\/index.php?rest_route=%2Fwp%2Fv2%2Fmedia&parent=3709"}],"wp:term":[{"taxonomy":"category","embeddable":true,"href":"http:\/\/sinpro-al.com.br\/v2\/index.php?rest_route=%2Fwp%2Fv2%2Fcategories&post=3709"},{"taxonomy":"post_tag","embeddable":true,"href":"http:\/\/sinpro-al.com.br\/v2\/index.php?rest_route=%2Fwp%2Fv2%2Ftags&post=3709"}],"curies":[{"name":"wp","href":"https:\/\/api.w.org\/{rel}","templated":true}]}}