{"id":3707,"date":"2017-02-17T09:46:58","date_gmt":"2017-02-17T12:46:58","guid":{"rendered":"http:\/\/sinpro-al.com.br\/v2\/?p=3707"},"modified":"2017-02-17T09:46:58","modified_gmt":"2017-02-17T12:46:58","slug":"adquira-sua-camisa-do-sinpro-folia-hoje-172-ate-as-15h","status":"publish","type":"post","link":"http:\/\/sinpro-al.com.br\/v2\/?p=3707","title":{"rendered":"Adquira sua camisa do Sinpro Folia hoje (17\/2) at\u00e9 \u00e0s 15h"},"content":{"rendered":"<p><a href=\"http:\/\/sinpro-al.com.br\/v2\/wp-content\/uploads\/2017\/01\/sinpro-folia.jpg\"><img loading=\"lazy\" decoding=\"async\" class=\"alignleft size-medium wp-image-3596\" src=\"http:\/\/sinpro-al.com.br\/v2\/wp-content\/uploads\/2017\/01\/sinpro-folia-300x222.jpg\" alt=\"sinpro folia\" width=\"300\" height=\"222\" srcset=\"http:\/\/sinpro-al.com.br\/v2\/wp-content\/uploads\/2017\/01\/sinpro-folia-300x222.jpg 300w, http:\/\/sinpro-al.com.br\/v2\/wp-content\/uploads\/2017\/01\/sinpro-folia-768x570.jpg 768w, http:\/\/sinpro-al.com.br\/v2\/wp-content\/uploads\/2017\/01\/sinpro-folia.jpg 898w\" sizes=\"auto, (max-width: 300px) 100vw, 300px\" \/><\/a>Jaragu\u00e1 Folia conta hoje \u00a017\/2, com anima\u00e7\u00e3o do bloco Sinpro Folia na pr\u00e9via do festejo de momo. A concentra\u00e7\u00e3o do Sinpro Folia ser\u00e1 realizada \u00e0s 21h no coreto do Jaragu\u00e1.<\/p>\n<div class=\"text_exposed_show\">\n<p>O abad\u00e1 do Sinpro Folia est\u00e1 sendo vendido na sede do Sindicato dos Professores de Alagoas, na Rua Saldanha da Gama, 376, no bairro Farol, at\u00e9 as \u00a015h, n\u00e3o perca essa oportunidade.<\/p>\n<p>A camisa do bloco custa R$ 20,00. O professor que adquirir tr\u00eas unidades ir\u00e1 desembolsar apenas R$ 50,00.<\/p>\n<p>Professores voc\u00eas s\u00e3o nossos convidados, leve tamb\u00e9m seus familiares e amigos para prestigiar o seu bloco.<\/p>\n<p>Voc\u00ea n\u00e3o pode ficar de fora. \u00c9 hoje!<\/p>\n<\/div>\n","protected":false},"excerpt":{"rendered":"<p>Jaragu\u00e1 Folia conta hoje \u00a017\/2, com anima\u00e7\u00e3o do bloco Sinpro Folia na pr\u00e9via do festejo de momo. A concentra\u00e7\u00e3o do Sinpro Folia ser\u00e1 realizada \u00e0s 21h no coreto do Jaragu\u00e1. O abad\u00e1 do Sinpro Folia est\u00e1 sendo vendido na sede do Sindicato dos Professores de Alagoas, na Rua Saldanha da Gama, 376, no bairro Farol, [&hellip;]<\/p>\n","protected":false},"author":4,"featured_media":3596,"comment_status":"open","ping_status":"open","sticky":false,"template":"","format":"standard","meta":{"footnotes":""},"categories":[4],"tags":[],"class_list":["post-3707","post","type-post","status-publish","format-standard","has-post-thumbnail","hentry","category-noticias-sinpro-al"],"_links":{"self":[{"href":"http:\/\/sinpro-al.com.br\/v2\/index.php?rest_route=\/wp\/v2\/posts\/3707","targetHints":{"allow":["GET"]}}],"collection":[{"href":"http:\/\/sinpro-al.com.br\/v2\/index.php?rest_route=\/wp\/v2\/posts"}],"about":[{"href":"http:\/\/sinpro-al.com.br\/v2\/index.php?rest_route=\/wp\/v2\/types\/post"}],"author":[{"embeddable":true,"href":"http:\/\/sinpro-al.com.br\/v2\/index.php?rest_route=\/wp\/v2\/users\/4"}],"replies":[{"embeddable":true,"href":"http:\/\/sinpro-al.com.br\/v2\/index.php?rest_route=%2Fwp%2Fv2%2Fcomments&post=3707"}],"version-history":[{"count":1,"href":"http:\/\/sinpro-al.com.br\/v2\/index.php?rest_route=\/wp\/v2\/posts\/3707\/revisions"}],"predecessor-version":[{"id":3708,"href":"http:\/\/sinpro-al.com.br\/v2\/index.php?rest_route=\/wp\/v2\/posts\/3707\/revisions\/3708"}],"wp:featuredmedia":[{"embeddable":true,"href":"http:\/\/sinpro-al.com.br\/v2\/index.php?rest_route=\/wp\/v2\/media\/3596"}],"wp:attachment":[{"href":"http:\/\/sinpro-al.com.br\/v2\/index.php?rest_route=%2Fwp%2Fv2%2Fmedia&parent=3707"}],"wp:term":[{"taxonomy":"category","embeddable":true,"href":"http:\/\/sinpro-al.com.br\/v2\/index.php?rest_route=%2Fwp%2Fv2%2Fcategories&post=3707"},{"taxonomy":"post_tag","embeddable":true,"href":"http:\/\/sinpro-al.com.br\/v2\/index.php?rest_route=%2Fwp%2Fv2%2Ftags&post=3707"}],"curies":[{"name":"wp","href":"https:\/\/api.w.org\/{rel}","templated":true}]}}