{"id":3695,"date":"2017-02-16T08:52:04","date_gmt":"2017-02-16T11:52:04","guid":{"rendered":"http:\/\/sinpro-al.com.br\/v2\/?p=3695"},"modified":"2017-02-16T08:52:04","modified_gmt":"2017-02-16T11:52:04","slug":"campanha-do-sinproal-contra-reforma-da-previdencia-e-destaque-nacional","status":"publish","type":"post","link":"http:\/\/sinpro-al.com.br\/v2\/?p=3695","title":{"rendered":"Campanha do Sinpro\/AL contra reforma da Previd\u00eancia \u00e9 destaque nacional"},"content":{"rendered":"<div id=\"attachment_3696\" style=\"width: 271px\" class=\"wp-caption alignleft\"><a href=\"http:\/\/sinpro-al.com.br\/v2\/wp-content\/uploads\/2017\/02\/sinpro-contee.jpg\"><img loading=\"lazy\" decoding=\"async\" aria-describedby=\"caption-attachment-3696\" class=\"wp-image-3696\" src=\"http:\/\/sinpro-al.com.br\/v2\/wp-content\/uploads\/2017\/02\/sinpro-contee-250x300.jpg\" alt=\"sinpro contee\" width=\"261\" height=\"313\" srcset=\"http:\/\/sinpro-al.com.br\/v2\/wp-content\/uploads\/2017\/02\/sinpro-contee-250x300.jpg 250w, http:\/\/sinpro-al.com.br\/v2\/wp-content\/uploads\/2017\/02\/sinpro-contee.jpg 516w\" sizes=\"auto, (max-width: 261px) 100vw, 261px\" \/><\/a><p id=\"caption-attachment-3696\" class=\"wp-caption-text\">Reforma da previd\u00eancia: p\u00e1gina da Contee destaca cobran\u00e7a p\u00fablica do Sinpro\/AL ao parlamento alagoano<\/p><\/div>\n<p>O Sindicato dos Professores de Alagoas (Sinpro\/AL) deflagrou uma campanha onde \u00a0questionar\u00e1 os nove deputados federais de Alagoas sobre a posi\u00e7\u00e3o de cada um deles em rela\u00e7\u00e3o a reforma da Previd\u00eancia. \u00a0Os tr\u00eas questionados at\u00e9 aqui foram: Arthur Lira, C\u00edcero Almeida e Jo\u00e3o Henrique Caldas.<\/p>\n<p>A campanha da entidade classista foi destaque no portal da Confedera\u00e7\u00e3o dos Trabalhadores\u00a0 em Estabelecimento de Ensino (Contee).<\/p>\n<p><strong>Confira:<\/strong><\/p>\n<p><a href=\"http:\/\/contee.org.br\/contee2017\/index.php\/2017\/02\/sinpro-al-faz-acao-junto-a-deputado-contra-reforma-da-previdencia\/\">http:\/\/contee.org.br\/contee2017\/index.php\/2017\/02\/sinpro-al-faz-acao-junto-a-deputado-contra-reforma-da-previdencia\/<\/a><\/p>\n<p>Saiba mais:<a href=\"http:\/\/sinpro-al.com.br\/v2\/?p=3644\"> http:\/\/sinpro-al.com.br\/v2\/?p=3644<\/a><\/p>\n<p>Somos professores com orgulho e exigimos respeito!<\/p>\n","protected":false},"excerpt":{"rendered":"<p>O Sindicato dos Professores de Alagoas (Sinpro\/AL) deflagrou uma campanha onde \u00a0questionar\u00e1 os nove deputados federais de Alagoas sobre a posi\u00e7\u00e3o de cada um deles em rela\u00e7\u00e3o a reforma da Previd\u00eancia. \u00a0Os tr\u00eas questionados at\u00e9 aqui foram: Arthur Lira, C\u00edcero Almeida e Jo\u00e3o Henrique Caldas. A campanha da entidade classista foi destaque no portal da [&hellip;]<\/p>\n","protected":false},"author":4,"featured_media":3696,"comment_status":"open","ping_status":"open","sticky":false,"template":"","format":"standard","meta":{"footnotes":""},"categories":[4],"tags":[],"class_list":["post-3695","post","type-post","status-publish","format-standard","has-post-thumbnail","hentry","category-noticias-sinpro-al"],"_links":{"self":[{"href":"http:\/\/sinpro-al.com.br\/v2\/index.php?rest_route=\/wp\/v2\/posts\/3695","targetHints":{"allow":["GET"]}}],"collection":[{"href":"http:\/\/sinpro-al.com.br\/v2\/index.php?rest_route=\/wp\/v2\/posts"}],"about":[{"href":"http:\/\/sinpro-al.com.br\/v2\/index.php?rest_route=\/wp\/v2\/types\/post"}],"author":[{"embeddable":true,"href":"http:\/\/sinpro-al.com.br\/v2\/index.php?rest_route=\/wp\/v2\/users\/4"}],"replies":[{"embeddable":true,"href":"http:\/\/sinpro-al.com.br\/v2\/index.php?rest_route=%2Fwp%2Fv2%2Fcomments&post=3695"}],"version-history":[{"count":1,"href":"http:\/\/sinpro-al.com.br\/v2\/index.php?rest_route=\/wp\/v2\/posts\/3695\/revisions"}],"predecessor-version":[{"id":3697,"href":"http:\/\/sinpro-al.com.br\/v2\/index.php?rest_route=\/wp\/v2\/posts\/3695\/revisions\/3697"}],"wp:featuredmedia":[{"embeddable":true,"href":"http:\/\/sinpro-al.com.br\/v2\/index.php?rest_route=\/wp\/v2\/media\/3696"}],"wp:attachment":[{"href":"http:\/\/sinpro-al.com.br\/v2\/index.php?rest_route=%2Fwp%2Fv2%2Fmedia&parent=3695"}],"wp:term":[{"taxonomy":"category","embeddable":true,"href":"http:\/\/sinpro-al.com.br\/v2\/index.php?rest_route=%2Fwp%2Fv2%2Fcategories&post=3695"},{"taxonomy":"post_tag","embeddable":true,"href":"http:\/\/sinpro-al.com.br\/v2\/index.php?rest_route=%2Fwp%2Fv2%2Ftags&post=3695"}],"curies":[{"name":"wp","href":"https:\/\/api.w.org\/{rel}","templated":true}]}}