{"id":3644,"date":"2017-02-14T18:34:25","date_gmt":"2017-02-14T21:34:25","guid":{"rendered":"http:\/\/sinpro-al.com.br\/v2\/?p=3644"},"modified":"2017-02-14T18:34:50","modified_gmt":"2017-02-14T21:34:50","slug":"reforma-da-previdencia-acaba-com-aposentadoria-especial-para-professores","status":"publish","type":"post","link":"http:\/\/sinpro-al.com.br\/v2\/?p=3644","title":{"rendered":"Reforma da Previd\u00eancia acaba com aposentadoria especial para professores"},"content":{"rendered":"<p><a href=\"http:\/\/sinpro-al.com.br\/v2\/wp-content\/uploads\/2017\/02\/reforma_previdencia-498x330.jpeg\"><img loading=\"lazy\" decoding=\"async\" class=\"alignleft size-medium wp-image-3645\" src=\"http:\/\/sinpro-al.com.br\/v2\/wp-content\/uploads\/2017\/02\/reforma_previdencia-498x330-300x199.jpeg\" alt=\"reforma_previdencia-498x330\" width=\"300\" height=\"199\" srcset=\"http:\/\/sinpro-al.com.br\/v2\/wp-content\/uploads\/2017\/02\/reforma_previdencia-498x330-300x199.jpeg 300w, http:\/\/sinpro-al.com.br\/v2\/wp-content\/uploads\/2017\/02\/reforma_previdencia-498x330.jpeg 498w\" sizes=\"auto, (max-width: 300px) 100vw, 300px\" \/><\/a>Ap\u00f3s a divulga\u00e7\u00e3o das medidas que visam uma reforma no setor previdenci\u00e1rio Brasileiros, os jornais de noticias do pa\u00eds passaram a responder perguntas dos internautas sobre as duvidas que surgem com a nova formula para a aposentadoria do brasileiro, e uma das classes que mais anseia por resposta s\u00e3o os professores, que com a reforma passa a n\u00e3o ter mais a chamada aposentadoria especial. De acordo com as medidas anunciadas tanto homens quanto mulheres que sejam professores passar\u00e3o a ter que obedecer os mesmos crit\u00e9rios dos demais 65 anos de idades m\u00ednima, mais o tempo de servi\u00e7o que passa a ser de 25 anos.<\/p>\n<p>Os homens com mais de 50 anos, assim como as mulheres com mais de 45, ter\u00e3o que pagar um \u201cped\u00e1gio\u201d para se aposentar. Eles precisam calcular quanto tempo falta para se aposentarem na regra atual e quanto tempo faltar\u00e1 com a regra nova. Eles ter\u00e3o que trabalhar metade dessa diferen\u00e7a \u2013 ou seja, ser\u00e3o acrescidos 50% sobre o tempo que restava para se aposentar.<\/p>\n<p><strong>Pol\u00edtica<\/strong><\/p>\n<p>O presidente da comiss\u00e3o especial que vai analisar a reforma da Previd\u00eancia, deputado Carlos Marun (PMDB-MS), e o relator da proposta, deputado Arthur Oliveira Maia (PPS-BA), disseram que v\u00e3o trabalhar para que a Proposta de Emenda \u00e0 Constitui\u00e7\u00e3o (PEC) 287, que trata da reforma da Previd\u00eancia seja aprovada na comiss\u00e3o no m\u00eas de abril. Na opini\u00e3o do presidente e do relator, \u00e9 poss\u00edvel promover os debates necess\u00e1rios at\u00e9 abril para a vota\u00e7\u00e3o da reforma da Previd\u00eancia.<\/p>\n<p>Embora a comiss\u00e3o tenha de dez a 40 sess\u00f5es para debater e votar a PEC, Carlos Marun entende que n\u00e3o ser\u00e3o necess\u00e1rias as 40 sess\u00f5es para a tramita\u00e7\u00e3o da proposta. Ele disse que vai atuar para evitar que as pessoas fiquem repetindo seus argumentos e deixando o Brasil de \u201cstand by\u201d.<\/p>\n<p><strong>Saiba mais<\/strong><\/p>\n<ul>\n<li>Idade m\u00ednima para se aposentar ser\u00e1 de 65 anos.<\/li>\n<li>Para receber a aposentadoria integral ser\u00e1 preciso trabalhar 49 anos ininterruptos.<\/li>\n<li>O tempo m\u00ednimo de contribui\u00e7\u00e3o ser\u00e1 de 25 anos (antes era 15 anos).<\/li>\n<li>A nova f\u00f3rmula reduz o valor dos benef\u00edcios, independe do tempo de contribui\u00e7\u00e3o ou idade trabalhada.<\/li>\n<li>Se a proposta for aprovada o c\u00e1lculo do valor do benef\u00edcio mensal a ser pago passar\u00e1 a considerar todos os sal\u00e1rios do trabalhador, incluindo os mais baixos.<\/li>\n<\/ul>\n","protected":false},"excerpt":{"rendered":"<p>Ap\u00f3s a divulga\u00e7\u00e3o das medidas que visam uma reforma no setor previdenci\u00e1rio Brasileiros, os jornais de noticias do pa\u00eds passaram a responder perguntas dos internautas sobre as duvidas que surgem com a nova formula para a aposentadoria do brasileiro, e uma das classes que mais anseia por resposta s\u00e3o os professores, que com a reforma [&hellip;]<\/p>\n","protected":false},"author":4,"featured_media":3645,"comment_status":"open","ping_status":"open","sticky":false,"template":"","format":"standard","meta":{"footnotes":""},"categories":[4],"tags":[],"class_list":["post-3644","post","type-post","status-publish","format-standard","has-post-thumbnail","hentry","category-noticias-sinpro-al"],"_links":{"self":[{"href":"http:\/\/sinpro-al.com.br\/v2\/index.php?rest_route=\/wp\/v2\/posts\/3644","targetHints":{"allow":["GET"]}}],"collection":[{"href":"http:\/\/sinpro-al.com.br\/v2\/index.php?rest_route=\/wp\/v2\/posts"}],"about":[{"href":"http:\/\/sinpro-al.com.br\/v2\/index.php?rest_route=\/wp\/v2\/types\/post"}],"author":[{"embeddable":true,"href":"http:\/\/sinpro-al.com.br\/v2\/index.php?rest_route=\/wp\/v2\/users\/4"}],"replies":[{"embeddable":true,"href":"http:\/\/sinpro-al.com.br\/v2\/index.php?rest_route=%2Fwp%2Fv2%2Fcomments&post=3644"}],"version-history":[{"count":1,"href":"http:\/\/sinpro-al.com.br\/v2\/index.php?rest_route=\/wp\/v2\/posts\/3644\/revisions"}],"predecessor-version":[{"id":3646,"href":"http:\/\/sinpro-al.com.br\/v2\/index.php?rest_route=\/wp\/v2\/posts\/3644\/revisions\/3646"}],"wp:featuredmedia":[{"embeddable":true,"href":"http:\/\/sinpro-al.com.br\/v2\/index.php?rest_route=\/wp\/v2\/media\/3645"}],"wp:attachment":[{"href":"http:\/\/sinpro-al.com.br\/v2\/index.php?rest_route=%2Fwp%2Fv2%2Fmedia&parent=3644"}],"wp:term":[{"taxonomy":"category","embeddable":true,"href":"http:\/\/sinpro-al.com.br\/v2\/index.php?rest_route=%2Fwp%2Fv2%2Fcategories&post=3644"},{"taxonomy":"post_tag","embeddable":true,"href":"http:\/\/sinpro-al.com.br\/v2\/index.php?rest_route=%2Fwp%2Fv2%2Ftags&post=3644"}],"curies":[{"name":"wp","href":"https:\/\/api.w.org\/{rel}","templated":true}]}}