{"id":3637,"date":"2017-02-13T00:15:54","date_gmt":"2017-02-13T03:15:54","guid":{"rendered":"http:\/\/sinpro-al.com.br\/v2\/?p=3637"},"modified":"2017-02-13T00:15:54","modified_gmt":"2017-02-13T03:15:54","slug":"professores-nao-podem-ser-demitidos-durante-o-ano-letivo-sem-justificativa","status":"publish","type":"post","link":"http:\/\/sinpro-al.com.br\/v2\/?p=3637","title":{"rendered":"Professores n\u00e3o podem ser demitidos durante o ano letivo sem justificativa"},"content":{"rendered":"<p><strong><a href=\"http:\/\/sinpro-al.com.br\/v2\/wp-content\/uploads\/2017\/02\/SAIBA-SEUS-DIREITOS.jpg\"><img loading=\"lazy\" decoding=\"async\" class=\"alignleft  wp-image-3638\" src=\"http:\/\/sinpro-al.com.br\/v2\/wp-content\/uploads\/2017\/02\/SAIBA-SEUS-DIREITOS-300x141.jpg\" alt=\"SAIBA SEUS DIREITOS\" width=\"323\" height=\"152\" srcset=\"http:\/\/sinpro-al.com.br\/v2\/wp-content\/uploads\/2017\/02\/SAIBA-SEUS-DIREITOS-300x141.jpg 300w, http:\/\/sinpro-al.com.br\/v2\/wp-content\/uploads\/2017\/02\/SAIBA-SEUS-DIREITOS-768x361.jpg 768w, http:\/\/sinpro-al.com.br\/v2\/wp-content\/uploads\/2017\/02\/SAIBA-SEUS-DIREITOS.jpg 936w\" sizes=\"auto, (max-width: 323px) 100vw, 323px\" \/><\/a><\/strong>A demiss\u00e3o injustificada de professores no decorrer do ano letivo pode gerar dano moral, pois impede que o trabalhador obtenha um novo emprego rapidamente. Esse entendimento tem como base o fato de que a rotatividade dos professores n\u00e3o segue a mesma linha de outras profiss\u00f5es, j\u00e1 que as institui\u00e7\u00f5es de ensino come\u00e7am o per\u00edodo de aulas com seus corpos docentes completos.<\/p>\n<p>A decis\u00e3o \u00e9 da 2\u00aa Turma do Tribunal Superior do Trabalho, que condenou, por unanimidade, a Universidade Salgado de Oliveira, de Recife, a indenizar uma professora universit\u00e1ria em R$ 17 mil por t\u00ea-la demitido no primeiro dia de aula. O valor corresponde a tr\u00eas meses de sal\u00e1rio da docente (R$ 7 mil), mais a compensa\u00e7\u00e3o por dano moral (R$ 10 mil).<\/p>\n<p>A docente trabalhou na universidade por oito anos e lecionava mat\u00e9rias jur\u00eddicas nos tr\u00eas turnos quando foi dispensada sem justificativa. A autora do processo afirmou ter sido surpreendida com a demiss\u00e3o no primeiro dia letivo, pois, um dia antes do in\u00edcio das aulas, ela havia recebido um e-mail com os hor\u00e1rios das aulas. Na a\u00e7\u00e3o trabalhista, a docente pediu indeniza\u00e7\u00e3o em raz\u00e3o do abalo emocional.<\/p>\n<p>A institui\u00e7\u00e3o contestou o argumento afirmando que exerceu seu direito de demitir e que a professora foi devidamente indenizada, conforme a legisla\u00e7\u00e3o vigente. A universidade citou, ainda, que n\u00e3o houve abuso de poder hier\u00e1rquico e que n\u00e3o h\u00e1 qualquer norma proibindo a demiss\u00e3o de professor durante o ano letivo.<\/p>\n<p>A solicita\u00e7\u00e3o da professora foi negada nas duas inst\u00e2ncias. As cortes entenderam que a demiss\u00e3o sem justa causa est\u00e1 inserida no poder diretivo do empregador. No recurso impetrado junto ao TST, a professora insistiu na indeniza\u00e7\u00e3o e sustentou a ocorr\u00eancia de abuso de direito e ato il\u00edcito na dispensa.<\/p>\n<p>Ao julgar o m\u00e9rito do caso, o desembargador convocado Cl\u00e1udio Couce, relator do recurso, destacou que ficou comprovada a atitude antijur\u00eddica da empresa, que, mesmo ciente das dificuldades de reinser\u00e7\u00e3o no mercado, quando j\u00e1 formado o corpo docente das institui\u00e7\u00f5es de ensino, dispensou sem motivos a professora.<\/p>\n<p>&#8220;Uma vez maculada a fun\u00e7\u00e3o social do contrato e infringida a boa-f\u00e9 contratual pelo empregador, for\u00e7osa a aplica\u00e7\u00e3o de san\u00e7\u00e3o que sirva de desest\u00edmulo \u00e0 reitera\u00e7\u00e3o da pr\u00e1tica, al\u00e9m de indenizar a v\u00edtima pela perda patrimonial que suportou,&#8221; afirmou o julgador.<\/p>\n<p>O professor que sofrer com demiss\u00e3o injustificada deve procurar o Sindicato dos Professores de Alagoas (Sinpro\/AL), pois a assessoria jur\u00eddica da entidade classista ir\u00e1 atender o pleito do educador. Somos professores com orgulho\u00a0 e exigimos respeito!<\/p>\n<p><em>Fonte: TST<\/em><\/p>\n<p>&nbsp;<\/p>\n<p>&nbsp;<\/p>\n<p>&nbsp;<\/p>\n","protected":false},"excerpt":{"rendered":"<p>A demiss\u00e3o injustificada de professores no decorrer do ano letivo pode gerar dano moral, pois impede que o trabalhador obtenha um novo emprego rapidamente. Esse entendimento tem como base o fato de que a rotatividade dos professores n\u00e3o segue a mesma linha de outras profiss\u00f5es, j\u00e1 que as institui\u00e7\u00f5es de ensino come\u00e7am o per\u00edodo de [&hellip;]<\/p>\n","protected":false},"author":4,"featured_media":3638,"comment_status":"open","ping_status":"open","sticky":false,"template":"","format":"standard","meta":{"footnotes":""},"categories":[4],"tags":[],"class_list":["post-3637","post","type-post","status-publish","format-standard","has-post-thumbnail","hentry","category-noticias-sinpro-al"],"_links":{"self":[{"href":"http:\/\/sinpro-al.com.br\/v2\/index.php?rest_route=\/wp\/v2\/posts\/3637","targetHints":{"allow":["GET"]}}],"collection":[{"href":"http:\/\/sinpro-al.com.br\/v2\/index.php?rest_route=\/wp\/v2\/posts"}],"about":[{"href":"http:\/\/sinpro-al.com.br\/v2\/index.php?rest_route=\/wp\/v2\/types\/post"}],"author":[{"embeddable":true,"href":"http:\/\/sinpro-al.com.br\/v2\/index.php?rest_route=\/wp\/v2\/users\/4"}],"replies":[{"embeddable":true,"href":"http:\/\/sinpro-al.com.br\/v2\/index.php?rest_route=%2Fwp%2Fv2%2Fcomments&post=3637"}],"version-history":[{"count":1,"href":"http:\/\/sinpro-al.com.br\/v2\/index.php?rest_route=\/wp\/v2\/posts\/3637\/revisions"}],"predecessor-version":[{"id":3639,"href":"http:\/\/sinpro-al.com.br\/v2\/index.php?rest_route=\/wp\/v2\/posts\/3637\/revisions\/3639"}],"wp:featuredmedia":[{"embeddable":true,"href":"http:\/\/sinpro-al.com.br\/v2\/index.php?rest_route=\/wp\/v2\/media\/3638"}],"wp:attachment":[{"href":"http:\/\/sinpro-al.com.br\/v2\/index.php?rest_route=%2Fwp%2Fv2%2Fmedia&parent=3637"}],"wp:term":[{"taxonomy":"category","embeddable":true,"href":"http:\/\/sinpro-al.com.br\/v2\/index.php?rest_route=%2Fwp%2Fv2%2Fcategories&post=3637"},{"taxonomy":"post_tag","embeddable":true,"href":"http:\/\/sinpro-al.com.br\/v2\/index.php?rest_route=%2Fwp%2Fv2%2Ftags&post=3637"}],"curies":[{"name":"wp","href":"https:\/\/api.w.org\/{rel}","templated":true}]}}