{"id":3631,"date":"2017-02-08T13:27:28","date_gmt":"2017-02-08T16:27:28","guid":{"rendered":"http:\/\/sinpro-al.com.br\/v2\/?p=3631"},"modified":"2017-02-08T13:27:28","modified_gmt":"2017-02-08T16:27:28","slug":"diretores-do-sinproal-irao-participar-de-seminario-de-negociacao-salarial-e-reforma-da-previdencia","status":"publish","type":"post","link":"http:\/\/sinpro-al.com.br\/v2\/?p=3631","title":{"rendered":"Diretores do Sinpro\/AL ir\u00e3o participar de semin\u00e1rio de negocia\u00e7\u00e3o salarial e reforma da previd\u00eancia"},"content":{"rendered":"<div id=\"attachment_3632\" style=\"width: 259px\" class=\"wp-caption alignleft\"><a href=\"http:\/\/sinpro-al.com.br\/v2\/wp-content\/uploads\/2017\/02\/eduardo-e-mora.jpg\"><img loading=\"lazy\" decoding=\"async\" aria-describedby=\"caption-attachment-3632\" class=\"wp-image-3632 size-medium\" src=\"http:\/\/sinpro-al.com.br\/v2\/wp-content\/uploads\/2017\/02\/eduardo-e-mora-249x300.jpg\" alt=\"eduardo e mora\" width=\"249\" height=\"300\" srcset=\"http:\/\/sinpro-al.com.br\/v2\/wp-content\/uploads\/2017\/02\/eduardo-e-mora-249x300.jpg 249w, http:\/\/sinpro-al.com.br\/v2\/wp-content\/uploads\/2017\/02\/eduardo-e-mora.jpg 427w\" sizes=\"auto, (max-width: 249px) 100vw, 249px\" \/><\/a><p id=\"caption-attachment-3632\" class=\"wp-caption-text\">Vasconcelos e Mota<\/p><\/div>\n<p>O presidente e vice do Sindicato dos Professores de Alagoas (Sinpro\/AL), Eduardo Vasconcelos e Jos\u00e9 Nivaldo Mota, respectivamente, ir\u00e3o participar de um semin\u00e1rio de negocia\u00e7\u00e3o salarial e reforma da previd\u00eancia promovido pela Confedera\u00e7\u00e3o Nacional dos Trabalhadores em Estabelecimentos de Ensino (Contee).<\/p>\n<p>A atividade, que acontecer\u00e1 em Belo Horizonte, ir\u00e1 at\u00e9 o dia 11 de fevereiro e discutir\u00e1 temas como: as mudan\u00e7as nas rela\u00e7\u00f5es de trabalho, incluindo precariza\u00e7\u00e3o e flexibiliza\u00e7\u00e3o; a crise econ\u00f4mica e a retirada de direitos atrav\u00e9s das reformas previdenci\u00e1ria e trabalhista; e a luta sindical e as formas de resist\u00eancia junto ao Parlamento e ao Judici\u00e1rio.<\/p>\n<p>O semin\u00e1rio ser\u00e1 realizado num momento crucial, uma vez que nesta semana tamb\u00e9m acontece a instaura\u00e7\u00e3o da comiss\u00e3o especial que analisar\u00e1 a reforma da Previd\u00eancia no Congresso Nacional.\u00a0 Esse \u00e9 o pr\u00f3ximo passo no rol de ataques aos trabalhadores, j\u00e1 que a comiss\u00e3o respons\u00e1vel pala reforma trabalhista j\u00e1 foi constitu\u00edda na \u00faltima sexta-feira (3). O relator desta deve ser o deputado Rog\u00e9rio Marinho (PSDB-RN), que votou favoravelmente ao PL 4.330\/04, da terceiriza\u00e7\u00e3o, e afirmou, em entrevista, que sua inten\u00e7\u00e3o \u00e9 fazer um \u201cpente-fino\u201d nos mais de dois mil projetos de mudan\u00e7as na legisla\u00e7\u00e3o trabalhista em tramita\u00e7\u00e3o, para acelerar a reforma, podendo incluir temas pol\u00eamicos evitados pelo Planalto, como a pr\u00f3pria terceiriza\u00e7\u00e3o e o trabalho intermitente.<\/p>\n<p>Por isso, no semin\u00e1rio desta semana, um dos momentos fundamentais ser\u00e1 a interven\u00e7\u00e3o das federa\u00e7\u00f5es e sindicatos filiados \u00e0 Contee, a fim de construirmos um eixo nacional comum para nossas campanhas salariais, mas tamb\u00e9m para a luta contra a retirada de direitos.<\/p>\n<p>Somos professores com orgulho e exigimos respeito!<\/p>\n","protected":false},"excerpt":{"rendered":"<p>O presidente e vice do Sindicato dos Professores de Alagoas (Sinpro\/AL), Eduardo Vasconcelos e Jos\u00e9 Nivaldo Mota, respectivamente, ir\u00e3o participar de um semin\u00e1rio de negocia\u00e7\u00e3o salarial e reforma da previd\u00eancia promovido pela Confedera\u00e7\u00e3o Nacional dos Trabalhadores em Estabelecimentos de Ensino (Contee). A atividade, que acontecer\u00e1 em Belo Horizonte, ir\u00e1 at\u00e9 o dia 11 de fevereiro [&hellip;]<\/p>\n","protected":false},"author":4,"featured_media":3632,"comment_status":"open","ping_status":"open","sticky":false,"template":"","format":"standard","meta":{"footnotes":""},"categories":[4],"tags":[],"class_list":["post-3631","post","type-post","status-publish","format-standard","has-post-thumbnail","hentry","category-noticias-sinpro-al"],"_links":{"self":[{"href":"http:\/\/sinpro-al.com.br\/v2\/index.php?rest_route=\/wp\/v2\/posts\/3631","targetHints":{"allow":["GET"]}}],"collection":[{"href":"http:\/\/sinpro-al.com.br\/v2\/index.php?rest_route=\/wp\/v2\/posts"}],"about":[{"href":"http:\/\/sinpro-al.com.br\/v2\/index.php?rest_route=\/wp\/v2\/types\/post"}],"author":[{"embeddable":true,"href":"http:\/\/sinpro-al.com.br\/v2\/index.php?rest_route=\/wp\/v2\/users\/4"}],"replies":[{"embeddable":true,"href":"http:\/\/sinpro-al.com.br\/v2\/index.php?rest_route=%2Fwp%2Fv2%2Fcomments&post=3631"}],"version-history":[{"count":1,"href":"http:\/\/sinpro-al.com.br\/v2\/index.php?rest_route=\/wp\/v2\/posts\/3631\/revisions"}],"predecessor-version":[{"id":3633,"href":"http:\/\/sinpro-al.com.br\/v2\/index.php?rest_route=\/wp\/v2\/posts\/3631\/revisions\/3633"}],"wp:featuredmedia":[{"embeddable":true,"href":"http:\/\/sinpro-al.com.br\/v2\/index.php?rest_route=\/wp\/v2\/media\/3632"}],"wp:attachment":[{"href":"http:\/\/sinpro-al.com.br\/v2\/index.php?rest_route=%2Fwp%2Fv2%2Fmedia&parent=3631"}],"wp:term":[{"taxonomy":"category","embeddable":true,"href":"http:\/\/sinpro-al.com.br\/v2\/index.php?rest_route=%2Fwp%2Fv2%2Fcategories&post=3631"},{"taxonomy":"post_tag","embeddable":true,"href":"http:\/\/sinpro-al.com.br\/v2\/index.php?rest_route=%2Fwp%2Fv2%2Ftags&post=3631"}],"curies":[{"name":"wp","href":"https:\/\/api.w.org\/{rel}","templated":true}]}}