{"id":3620,"date":"2017-02-06T07:00:25","date_gmt":"2017-02-06T10:00:25","guid":{"rendered":"http:\/\/sinpro-al.com.br\/v2\/?p=3620"},"modified":"2017-02-06T07:04:40","modified_gmt":"2017-02-06T10:04:40","slug":"destaque-na-imprensa-presidente-do-sinproal-revela-descaso-na-cnec","status":"publish","type":"post","link":"http:\/\/sinpro-al.com.br\/v2\/?p=3620","title":{"rendered":"Destaque na imprensa: presidente do Sinpro\/AL revela abandono na CNEC"},"content":{"rendered":"<div id=\"attachment_3624\" style=\"width: 289px\" class=\"wp-caption alignleft\"><a href=\"http:\/\/sinpro-al.com.br\/v2\/wp-content\/uploads\/2017\/02\/capa.jpg\"><img loading=\"lazy\" decoding=\"async\" aria-describedby=\"caption-attachment-3624\" class=\"wp-image-3624\" src=\"http:\/\/sinpro-al.com.br\/v2\/wp-content\/uploads\/2017\/02\/capa-262x300.jpg\" alt=\"capa\" width=\"279\" height=\"319\" srcset=\"http:\/\/sinpro-al.com.br\/v2\/wp-content\/uploads\/2017\/02\/capa-262x300.jpg 262w, http:\/\/sinpro-al.com.br\/v2\/wp-content\/uploads\/2017\/02\/capa-768x879.jpg 768w, http:\/\/sinpro-al.com.br\/v2\/wp-content\/uploads\/2017\/02\/capa-894x1024.jpg 894w, http:\/\/sinpro-al.com.br\/v2\/wp-content\/uploads\/2017\/02\/capa.jpg 1000w\" sizes=\"auto, (max-width: 279px) 100vw, 279px\" \/><\/a><p id=\"caption-attachment-3624\" class=\"wp-caption-text\">Manchete do Jornal de Arapiraca revelou problema na CENEC<\/p><\/div>\n<p>O presidente do Sindicato dos Professores de Alagoas (Sinpro\/AL), Eduardo Vasconcelos, apontou o descaso com os professores da Campanha Nacional de Escolas da Comunidade (CNEC) durante reportagem realizada pelo Jornal de Arapiraca.<\/p>\n<p>Confira a mat\u00e9ria na \u00edntegra:<\/p>\n<p>O diretor geral da Campanha Nacional de Escolas da Comunidade (CNEC), o professor Rog\u00e9rio Te\u00f3filo, dever\u00e1 enfrentar problemas com a Justi\u00e7a nos pr\u00f3ximos meses. Tamb\u00e9m prefeito de Arapiraca, o gestor deixou, ainda em 2016, suas responsabilidades \u00e0 frente da CNEC em Alagoas. A decis\u00e3o levou, inclusive, ao fechamento do Col\u00e9gio Cenecista de Macei\u00f3 e tamb\u00e9m do escrit\u00f3rio da pr\u00f3pria Superintend\u00eancia Regional da CNEC no Estado.<\/p>\n<p>Em decorr\u00eancia disso, os cerca de 30 trabalhadores da Escola Cenecista de Macei\u00f3 come\u00e7aram 2017 em clima de revolta e expectativa com o fechamento da unidade localizada na Rua Bar\u00e3o de Atalaia, no Centro da cidade. Os profissionais foram dispensados e ainda n\u00e3o receberam quase nenhuma quantia de que t\u00eam referentes aos seus direitos trabalhistas.<\/p>\n<p><strong>Al\u00e9m dos profissionais, 80 estudantes foram obrigados a procurar outras escolas<\/strong><\/p>\n<p>Um movimento inicial come\u00e7ou a ser feito de fato nesta semana pelos professores e demais ex-trabalhadores, os quais, n\u00e3o receberam, por exemplo, o Fundo de Garantia por Tempo de Servi\u00e7o (FGTS) que, segundo eles, n\u00e3o foi depositado regularmente, alguns desde 2012.<\/p>\n<p>De acordo com o professor Nilson Urias, tudo come\u00e7ou em novembro do ano passado, quando os funcion\u00e1rios receberam oficialmente a not\u00edcia de que a escola seria fechada. \u201cN\u00f3s sab\u00edamos que isso poderia ocorrer, mas n\u00e3o da forma inesperada e r\u00e1pida que fomos avisados\u201d, disse o educador.<\/p>\n<p>Na \u00e9poca, segundo o educador, os estudantes da unidade ainda realizaram manifesta\u00e7\u00f5es internas pedindo que o Col\u00e9gio Cenecista de Macei\u00f3 n\u00e3o fechasse as portas, mas a ordem vinda da superintend\u00eancia regional em Alagoas era para o fim das atividades.<\/p>\n<p>Os professores foram divididos em dois grupos quando receberam os avisos pr\u00e9vios. O primeiro no dia 31 de dezembro e outro no dia 6 de janeiro. \u201cA lei diz que o pagamento da rescis\u00e3o deve ser pago at\u00e9 o primeiro dia \u00fatil ap\u00f3s o fim do aviso pr\u00e9vio, e existem funcion\u00e1rios, como eu, que ainda n\u00e3o receberam\u201d, explicou. Nilson lembrou que outros profissionais chegaram a negociar o parcelamento do montante a receber, mas que s\u00f3 receberam as primeiras parcelas.<\/p>\n<p>Sobre o Fundo de Garantia, existem dep\u00f3sitos de servidores que n\u00e3o foram realizados desde 2012, ano em que a unidade foi inaugurada. \u201cProfessores est\u00e3o com at\u00e9 19 meses de atraso na contribui\u00e7\u00e3o. O dinheiro foi descontado de nossos sal\u00e1rios, mas para onde foi esse dinheiro, j\u00e1 que n\u00e3o foi repassado para a Caixa [Econ\u00f4mica Federal]?\u201d, questionou Nilson Urias.<\/p>\n<p>O Col\u00e9gio Cenecista de Macei\u00f3 funcionava no pr\u00e9dio da antiga rodovi\u00e1ria da capital e ofertava turmas dos ensinos Fundamental e M\u00e9dio. O local tamb\u00e9m abrigava a superintend\u00eancia regional da CNEC em Alagoas, pela qual o novo prefeito de Arapiraca era o respons\u00e1vel. Seu afastamento aconteceu naturalmente pela incompatibilidade com a gest\u00e3o da cidade iniciada em 1\u00ba de janeiro passado.<\/p>\n<p>Por coincid\u00eancia, ou n\u00e3o, o fechamento do col\u00e9gio aconteceu logo ap\u00f3s o resultado das elei\u00e7\u00f5es que garantiram a vit\u00f3ria a Te\u00f3filo. Por\u00e9m, o que causa revolta nos profissionais atingidos \u00e9 justamente o n\u00e3o recolhimento dos direitos trabalhistas e o n\u00e3o pagamento dos mesmos.<\/p>\n<p>Segundo o presidente do Sindicato dos Professores da Rede Privada de Alagoas (Sinpro), Eduardo Vasconcelos, a entidade j\u00e1 foi informada oficialmente sobre a situa\u00e7\u00e3o dos profissionais atingidos pela inger\u00eancia na superintend\u00eancia regional alagoana. E as provid\u00eancias j\u00e1 come\u00e7aram a ser tomadas.<\/p>\n<p>\u201cVamos acionar o Minist\u00e9rio P\u00fablico do Trabalho nos pr\u00f3ximos dias e denunciar a triste situa\u00e7\u00e3o deixada pelo fechamento do Col\u00e9gio Cenecista de Macei\u00f3. Nada foi alegado por eles. O que sabemos \u00e9 que o rombo ficou e estamos sem previs\u00e3o de nada. S\u00f3 mandaram os professores esperarem\u201d, frisou Vasconcelos.<\/p>\n<p>Ainda em 2016, o presidente Sinpro reuniu-se com a superintendente do Instituto Nacional do Seguro Social (INSS) em Alagoas, Gilvanete Oliveira, para relatar diversos casos da falta do repasse da contribui\u00e7\u00e3o previdenci\u00e1ria de outros estabelecimentos de ensino.<\/p>\n<p>A entidade classista detectou, por meio de den\u00fancias, que diversas outras escolas descontam, por muitas vezes, e n\u00e3o recolhem o INSS e o FGTS dos educadores. A medida prejudica os trabalhadores. A partir dessas novas den\u00fancias envolvendo a unidade cenecista, o presidente do Sinpro\/AL antecipou que novas reuni\u00f5es ser\u00e3o agendadas com os representantes do Minist\u00e9rio P\u00fablico do Trabalho, Minist\u00e9rio do Trabalho e Emprego, Receita e Federal e tamb\u00e9m do INSS.<\/p>\n<p>Enquanto isso, os antigos funcion\u00e1rios do Col\u00e9gio Cenecista de Macei\u00f3 est\u00e3o unindo for\u00e7as para entrar na Justi\u00e7a com uma a\u00e7\u00e3o coletiva, principalmente pela situa\u00e7\u00e3o vivida. \u201cH\u00e1 funcion\u00e1rios que s\u00f3 trabalhavam na escola, eu mesmo recorri a ajuda da fam\u00edlia para pagar minhas contas. \u00c9 uma situa\u00e7\u00e3o muito dif\u00edcil\u201d, relatou Nilson Urias.<\/p>\n<p>O professor afirmou que o grupo refor\u00e7ou que os professores tentaram recorrer ao superintendente regional Rog\u00e9rio Te\u00f3filo, mas, segundo a pr\u00f3pria superintend\u00eancia, a ordem era uma s\u00f3: de fechamento.<\/p>\n<p>Em nota, por meio da sua assessoria, Rog\u00e9rio Te\u00f3filo confirmou que n\u00e3o \u00e9 mais superintendente da CNEC em Alagoas. \u201cNa verdade a Superintend\u00eancia estadual nem existe mais. Todos os tr\u00e2mites relacionados ao fechamento do Col\u00e9gio Cenecista [de Macei\u00f3], dentre os quais est\u00e3o as quest\u00f5es trabalhistas, est\u00e3o sendo realizados pela matriz do \u00f3rg\u00e3o, em Bras\u00edlia\u201d, finalizou a nota, sem mais explica\u00e7\u00f5es.<\/p>\n<p>Cabe salientar que a fam\u00edlia Te\u00f3filo administra desde 1955, o Col\u00e9gio Cenecista Nossa Senhora do Bom Conselho, o mais tradicional de Arapiraca. Na unidade, ao contr\u00e1rio do que aconteceu em Macei\u00f3, os competentes servi\u00e7os prestados pelo professor Moacir Te\u00f3filo, diretor vital\u00edcio, tornaram a institui\u00e7\u00e3o refer\u00eancia na qualidade de ensino dentro e fora do Estado de Alagoas.<\/p>\n<p><strong>73\u00a0anos na Educa\u00e7\u00e3o\u00a0<\/strong><\/p>\n<p>A Campanha Nacional de Escolas da Comunidade (CNEC) fundada h\u00e1 quase 73 anos fazendo educa\u00e7\u00e3o em todo Brasil tem um sistema de ensino pr\u00f3prio e aplicado igualmente em todas as suas unidades no territ\u00f3rio nacional. Al\u00e9m disso, realiza anualmente o seu pr\u00f3prio Exame Nacional de Ensino, o ENEC.<\/p>\n<p>O Col\u00e9gio Cenecista de Macei\u00f3 tinha uma estrutura digna de boas escolas. Contava com salas climatizadas e gin\u00e1sio de esportes integrado, onde eram ofertadas diversas modalidades esportivas e culturais, como teatro e dan\u00e7a. O material did\u00e1tico era o mesmo utilizado por toda a rede CNEC no pa\u00eds. Os alunos ainda contavam com laborat\u00f3rios de inform\u00e1tica e acesso a conte\u00fados nacionais e aulas de fundamentos de rob\u00f3tica.<\/p>\n<p>&nbsp;<\/p>\n<p>&nbsp;<\/p>\n","protected":false},"excerpt":{"rendered":"<p>O presidente do Sindicato dos Professores de Alagoas (Sinpro\/AL), Eduardo Vasconcelos, apontou o descaso com os professores da Campanha Nacional de Escolas da Comunidade (CNEC) durante reportagem realizada pelo Jornal de Arapiraca. Confira a mat\u00e9ria na \u00edntegra: O diretor geral da Campanha Nacional de Escolas da Comunidade (CNEC), o professor Rog\u00e9rio Te\u00f3filo, dever\u00e1 enfrentar problemas [&hellip;]<\/p>\n","protected":false},"author":4,"featured_media":3624,"comment_status":"open","ping_status":"open","sticky":false,"template":"","format":"standard","meta":{"footnotes":""},"categories":[4],"tags":[],"class_list":["post-3620","post","type-post","status-publish","format-standard","has-post-thumbnail","hentry","category-noticias-sinpro-al"],"_links":{"self":[{"href":"http:\/\/sinpro-al.com.br\/v2\/index.php?rest_route=\/wp\/v2\/posts\/3620","targetHints":{"allow":["GET"]}}],"collection":[{"href":"http:\/\/sinpro-al.com.br\/v2\/index.php?rest_route=\/wp\/v2\/posts"}],"about":[{"href":"http:\/\/sinpro-al.com.br\/v2\/index.php?rest_route=\/wp\/v2\/types\/post"}],"author":[{"embeddable":true,"href":"http:\/\/sinpro-al.com.br\/v2\/index.php?rest_route=\/wp\/v2\/users\/4"}],"replies":[{"embeddable":true,"href":"http:\/\/sinpro-al.com.br\/v2\/index.php?rest_route=%2Fwp%2Fv2%2Fcomments&post=3620"}],"version-history":[{"count":4,"href":"http:\/\/sinpro-al.com.br\/v2\/index.php?rest_route=\/wp\/v2\/posts\/3620\/revisions"}],"predecessor-version":[{"id":3625,"href":"http:\/\/sinpro-al.com.br\/v2\/index.php?rest_route=\/wp\/v2\/posts\/3620\/revisions\/3625"}],"wp:featuredmedia":[{"embeddable":true,"href":"http:\/\/sinpro-al.com.br\/v2\/index.php?rest_route=\/wp\/v2\/media\/3624"}],"wp:attachment":[{"href":"http:\/\/sinpro-al.com.br\/v2\/index.php?rest_route=%2Fwp%2Fv2%2Fmedia&parent=3620"}],"wp:term":[{"taxonomy":"category","embeddable":true,"href":"http:\/\/sinpro-al.com.br\/v2\/index.php?rest_route=%2Fwp%2Fv2%2Fcategories&post=3620"},{"taxonomy":"post_tag","embeddable":true,"href":"http:\/\/sinpro-al.com.br\/v2\/index.php?rest_route=%2Fwp%2Fv2%2Ftags&post=3620"}],"curies":[{"name":"wp","href":"https:\/\/api.w.org\/{rel}","templated":true}]}}