{"id":3609,"date":"2017-02-02T08:00:56","date_gmt":"2017-02-02T11:00:56","guid":{"rendered":"http:\/\/sinpro-al.com.br\/v2\/?p=3609"},"modified":"2017-02-01T22:12:13","modified_gmt":"2017-02-02T01:12:13","slug":"camisa-do-sinproal-comeca-a-ser-comercializada-hoje-22","status":"publish","type":"post","link":"http:\/\/sinpro-al.com.br\/v2\/?p=3609","title":{"rendered":"Camisa do Sinpro\/AL come\u00e7a a ser comercializada hoje (2\/2)"},"content":{"rendered":"<p><a href=\"http:\/\/sinpro-al.com.br\/v2\/wp-content\/uploads\/2017\/01\/sinpro-folia.jpg\"><img loading=\"lazy\" decoding=\"async\" class=\"alignleft size-medium wp-image-3596\" src=\"http:\/\/sinpro-al.com.br\/v2\/wp-content\/uploads\/2017\/01\/sinpro-folia-300x222.jpg\" alt=\"sinpro folia\" width=\"300\" height=\"222\" srcset=\"http:\/\/sinpro-al.com.br\/v2\/wp-content\/uploads\/2017\/01\/sinpro-folia-300x222.jpg 300w, http:\/\/sinpro-al.com.br\/v2\/wp-content\/uploads\/2017\/01\/sinpro-folia-768x570.jpg 768w, http:\/\/sinpro-al.com.br\/v2\/wp-content\/uploads\/2017\/01\/sinpro-folia.jpg 898w\" sizes=\"auto, (max-width: 300px) 100vw, 300px\" \/><\/a>O Jaragu\u00e1 Folia contar\u00e1 na sexta-feira, 17\/2, com anima\u00e7\u00e3o do bloco Sinpro Folia na pr\u00e9via do festejo de momo. A concentra\u00e7\u00e3o do Sinpro Folia ser\u00e1 realizada \u00e0s 21h no coreto do Jaragu\u00e1.<\/p>\n<p>O abad\u00e1 do Sinpro Folia come\u00e7ou a ser \u00a0vendido hoje, 2\/2, na sede do Sindicato dos Professores de Alagoas, na Rua Saldanha da Gama, 376, no bairro Farol, de 9h \u00e0s 15h. A camisa do bloco custa R$ 20,00. O professor que adquirir tr\u00eas unidades ir\u00e1 desembolsar apenas R$ 50,00.<\/p>\n<p>Professores voc\u00eas s\u00e3o nossos convidados, leve tamb\u00e9m seus familiares e amigos para prestigiar o seu bloco.<\/p>\n","protected":false},"excerpt":{"rendered":"<p>O Jaragu\u00e1 Folia contar\u00e1 na sexta-feira, 17\/2, com anima\u00e7\u00e3o do bloco Sinpro Folia na pr\u00e9via do festejo de momo. A concentra\u00e7\u00e3o do Sinpro Folia ser\u00e1 realizada \u00e0s 21h no coreto do Jaragu\u00e1. O abad\u00e1 do Sinpro Folia come\u00e7ou a ser \u00a0vendido hoje, 2\/2, na sede do Sindicato dos Professores de Alagoas, na Rua Saldanha da [&hellip;]<\/p>\n","protected":false},"author":4,"featured_media":1942,"comment_status":"open","ping_status":"open","sticky":false,"template":"","format":"standard","meta":{"footnotes":""},"categories":[4],"tags":[],"class_list":["post-3609","post","type-post","status-publish","format-standard","has-post-thumbnail","hentry","category-noticias-sinpro-al"],"_links":{"self":[{"href":"http:\/\/sinpro-al.com.br\/v2\/index.php?rest_route=\/wp\/v2\/posts\/3609","targetHints":{"allow":["GET"]}}],"collection":[{"href":"http:\/\/sinpro-al.com.br\/v2\/index.php?rest_route=\/wp\/v2\/posts"}],"about":[{"href":"http:\/\/sinpro-al.com.br\/v2\/index.php?rest_route=\/wp\/v2\/types\/post"}],"author":[{"embeddable":true,"href":"http:\/\/sinpro-al.com.br\/v2\/index.php?rest_route=\/wp\/v2\/users\/4"}],"replies":[{"embeddable":true,"href":"http:\/\/sinpro-al.com.br\/v2\/index.php?rest_route=%2Fwp%2Fv2%2Fcomments&post=3609"}],"version-history":[{"count":2,"href":"http:\/\/sinpro-al.com.br\/v2\/index.php?rest_route=\/wp\/v2\/posts\/3609\/revisions"}],"predecessor-version":[{"id":3615,"href":"http:\/\/sinpro-al.com.br\/v2\/index.php?rest_route=\/wp\/v2\/posts\/3609\/revisions\/3615"}],"wp:featuredmedia":[{"embeddable":true,"href":"http:\/\/sinpro-al.com.br\/v2\/index.php?rest_route=\/wp\/v2\/media\/1942"}],"wp:attachment":[{"href":"http:\/\/sinpro-al.com.br\/v2\/index.php?rest_route=%2Fwp%2Fv2%2Fmedia&parent=3609"}],"wp:term":[{"taxonomy":"category","embeddable":true,"href":"http:\/\/sinpro-al.com.br\/v2\/index.php?rest_route=%2Fwp%2Fv2%2Fcategories&post=3609"},{"taxonomy":"post_tag","embeddable":true,"href":"http:\/\/sinpro-al.com.br\/v2\/index.php?rest_route=%2Fwp%2Fv2%2Ftags&post=3609"}],"curies":[{"name":"wp","href":"https:\/\/api.w.org\/{rel}","templated":true}]}}