{"id":3584,"date":"2017-01-27T07:52:23","date_gmt":"2017-01-27T10:52:23","guid":{"rendered":"http:\/\/sinpro-al.com.br\/v2\/?p=3584"},"modified":"2017-01-27T08:15:09","modified_gmt":"2017-01-27T11:15:09","slug":"sinproal-ira-lancar-cartilha-burnout-uma-sindrome-silenciosa","status":"publish","type":"post","link":"http:\/\/sinpro-al.com.br\/v2\/?p=3584","title":{"rendered":"Sa\u00fade do professor: Sinpro\/AL ir\u00e1 lan\u00e7ar cartilha sobre s\u00edndrome Burnout"},"content":{"rendered":"<p><a href=\"http:\/\/sinpro-al.com.br\/v2\/wp-content\/uploads\/2017\/01\/sindrome-1.jpg\"><img loading=\"lazy\" decoding=\"async\" class=\"alignleft size-medium wp-image-3586\" src=\"http:\/\/sinpro-al.com.br\/v2\/wp-content\/uploads\/2017\/01\/sindrome-1-300x229.jpg\" alt=\"sindrome\" width=\"300\" height=\"229\" srcset=\"http:\/\/sinpro-al.com.br\/v2\/wp-content\/uploads\/2017\/01\/sindrome-1-300x229.jpg 300w, http:\/\/sinpro-al.com.br\/v2\/wp-content\/uploads\/2017\/01\/sindrome-1-768x587.jpg 768w, http:\/\/sinpro-al.com.br\/v2\/wp-content\/uploads\/2017\/01\/sindrome-1-1024x782.jpg 1024w, http:\/\/sinpro-al.com.br\/v2\/wp-content\/uploads\/2017\/01\/sindrome-1.jpg 1509w\" sizes=\"auto, (max-width: 300px) 100vw, 300px\" \/><\/a>Sempre preocupado com a sa\u00fade do professor, o Sindicato dos Professores de Alagoas (Sinpro\/AL) ir\u00e1 produzir em parceria com as psic\u00f3logas Fabiana Amorim e L\u00edgia Cavalcante uma cartilha sobre s\u00edndrome de Burnout para distribuir com a categoria.<\/p>\n<p>A iniciativa busca informa os professores do problema, formas de preven\u00e7\u00e3o e tratamento.<\/p>\n<p>O psic\u00f3logo do Sinpro e coordenador do N\u00facleo de Apoio Psicol\u00f3gico (NAP) da entidade classista, Albery Lima, tamb\u00e9m ir\u00e1 colaborar com os trabalhos.<\/p>\n<p><strong>O que \u00e9 Burnout?<\/strong><\/p>\n<p>A s\u00edndrome de burnout \u00e9 caracterizada por um estado de exaust\u00e3o f\u00edsica, emocional ou mental devido ao ac\u00famulo de estresse no trabalho, sendo, por isso, muito comum em profissionais que t\u00eam que lidar com a press\u00e3o ou a responsabilidade, como os professores.<\/p>\n<p>Somos professores com orgulho e exigimos respeito!<\/p>\n<p><strong>\u00a0<\/strong><\/p>\n","protected":false},"excerpt":{"rendered":"<p>Sempre preocupado com a sa\u00fade do professor, o Sindicato dos Professores de Alagoas (Sinpro\/AL) ir\u00e1 produzir em parceria com as psic\u00f3logas Fabiana Amorim e L\u00edgia Cavalcante uma cartilha sobre s\u00edndrome de Burnout para distribuir com a categoria. A iniciativa busca informa os professores do problema, formas de preven\u00e7\u00e3o e tratamento. O psic\u00f3logo do Sinpro e [&hellip;]<\/p>\n","protected":false},"author":4,"featured_media":3585,"comment_status":"open","ping_status":"open","sticky":false,"template":"","format":"standard","meta":{"footnotes":""},"categories":[4],"tags":[],"class_list":["post-3584","post","type-post","status-publish","format-standard","has-post-thumbnail","hentry","category-noticias-sinpro-al"],"_links":{"self":[{"href":"http:\/\/sinpro-al.com.br\/v2\/index.php?rest_route=\/wp\/v2\/posts\/3584","targetHints":{"allow":["GET"]}}],"collection":[{"href":"http:\/\/sinpro-al.com.br\/v2\/index.php?rest_route=\/wp\/v2\/posts"}],"about":[{"href":"http:\/\/sinpro-al.com.br\/v2\/index.php?rest_route=\/wp\/v2\/types\/post"}],"author":[{"embeddable":true,"href":"http:\/\/sinpro-al.com.br\/v2\/index.php?rest_route=\/wp\/v2\/users\/4"}],"replies":[{"embeddable":true,"href":"http:\/\/sinpro-al.com.br\/v2\/index.php?rest_route=%2Fwp%2Fv2%2Fcomments&post=3584"}],"version-history":[{"count":3,"href":"http:\/\/sinpro-al.com.br\/v2\/index.php?rest_route=\/wp\/v2\/posts\/3584\/revisions"}],"predecessor-version":[{"id":3592,"href":"http:\/\/sinpro-al.com.br\/v2\/index.php?rest_route=\/wp\/v2\/posts\/3584\/revisions\/3592"}],"wp:featuredmedia":[{"embeddable":true,"href":"http:\/\/sinpro-al.com.br\/v2\/index.php?rest_route=\/wp\/v2\/media\/3585"}],"wp:attachment":[{"href":"http:\/\/sinpro-al.com.br\/v2\/index.php?rest_route=%2Fwp%2Fv2%2Fmedia&parent=3584"}],"wp:term":[{"taxonomy":"category","embeddable":true,"href":"http:\/\/sinpro-al.com.br\/v2\/index.php?rest_route=%2Fwp%2Fv2%2Fcategories&post=3584"},{"taxonomy":"post_tag","embeddable":true,"href":"http:\/\/sinpro-al.com.br\/v2\/index.php?rest_route=%2Fwp%2Fv2%2Ftags&post=3584"}],"curies":[{"name":"wp","href":"https:\/\/api.w.org\/{rel}","templated":true}]}}