{"id":328,"date":"2014-05-14T11:30:53","date_gmt":"2014-05-14T14:30:53","guid":{"rendered":"http:\/\/sinpro-al.com.br\/v2\/?p=328"},"modified":"2014-09-22T11:42:33","modified_gmt":"2014-09-22T14:42:33","slug":"sinpro-al-entrega-proposta-para-regulamentar-quantidade-de-alunos-em-sala-de-aula","status":"publish","type":"post","link":"http:\/\/sinpro-al.com.br\/v2\/?p=328","title":{"rendered":"Sinpro-AL entrega proposta para regulamentar quantidade de alunos em sala de aula"},"content":{"rendered":"<p>O Sindicato dos Professores de Alagoas (Sinpro-AL) entregou Conselho Estadual de Educa\u00e7\u00e3o (CEE) uma proposta para a regulamenta\u00e7\u00e3o da quantidade de alunos nas turmas de Educa\u00e7\u00e3o B\u00e1sica dos Ensinos P\u00fablico e Privado.<\/p>\n<p>A proposta da altera\u00e7\u00e3o da resolu\u00e7\u00e3o 55\/2002 do CEE\/AL seria da seguinte forma:\u00a0Creches \u2013 no m\u00e1ximo 08 crian\u00e7as de 0 a 12 meses de idade;\u00a0no m\u00e1ximo 10 crian\u00e7as de 01 a 02 anos de idade;\u00a0no m\u00e1ximo 12 crian\u00e7as de 02 anos a 03 anos e 11 meses de idade<br \/>\nPermanecendo os n\u00fameros de auxiliares de sala. A\u00a0Pr\u00e9-escola \u2013 no m\u00e1ximo 15 crian\u00e7as de 04 a 05 anos de idade;\u00a0no m\u00e1ximo 15 crian\u00e7as de 05 a 06 anos de idade, permanecendo os n\u00fameros de auxiliares de sala.\u00a0Nas s\u00e9ries iniciais do ensino fundamental: limite de 20 alunos por turma.\u00a0J\u00e1 as classes das demais s\u00e9ries do ensino fundamental e as do ensino m\u00e9dio: limite de 35 alunos.<\/p>\n<p>A proposta foi encaminhada ao\u00a0ao presidente do Conselho Estadual de Educa\u00e7\u00e3o e reitor da Uneal, Jairo Campos e dessa forma o Sinpro-AL acredita que est\u00e1 contribuindo para uma melhor qualidade na Educa\u00e7\u00e3o do Estado, pois o excesso de alunos prejudica a sa\u00fade f\u00edsica e mental dos professores, al\u00e9m de prejudicar o aprendizado dos estudantes.<\/p>\n","protected":false},"excerpt":{"rendered":"<p>O Sindicato dos Professores de Alagoas (Sinpro-AL) entregou Conselho Estadual de Educa\u00e7\u00e3o (CEE) uma proposta para a regulamenta\u00e7\u00e3o da quantidade de alunos nas turmas de Educa\u00e7\u00e3o B\u00e1sica dos Ensinos P\u00fablico e Privado. A proposta da altera\u00e7\u00e3o da resolu\u00e7\u00e3o 55\/2002 do CEE\/AL seria da seguinte forma:\u00a0Creches \u2013 no m\u00e1ximo 08 crian\u00e7as de 0 a 12 meses [&hellip;]<\/p>\n","protected":false},"author":4,"featured_media":0,"comment_status":"open","ping_status":"open","sticky":false,"template":"","format":"standard","meta":{"footnotes":""},"categories":[18,13,4],"tags":[100,58,60,57,55,59,56],"class_list":["post-328","post","type-post","status-publish","format-standard","hentry","category-alagoas","category-educacao","category-noticias-sinpro-al","tag-alagoas","tag-alunos","tag-conselho-estadual-de-educacao","tag-quantidade","tag-requerimento","tag-sala-de-aula","tag-sinpro-la"],"_links":{"self":[{"href":"http:\/\/sinpro-al.com.br\/v2\/index.php?rest_route=\/wp\/v2\/posts\/328","targetHints":{"allow":["GET"]}}],"collection":[{"href":"http:\/\/sinpro-al.com.br\/v2\/index.php?rest_route=\/wp\/v2\/posts"}],"about":[{"href":"http:\/\/sinpro-al.com.br\/v2\/index.php?rest_route=\/wp\/v2\/types\/post"}],"author":[{"embeddable":true,"href":"http:\/\/sinpro-al.com.br\/v2\/index.php?rest_route=\/wp\/v2\/users\/4"}],"replies":[{"embeddable":true,"href":"http:\/\/sinpro-al.com.br\/v2\/index.php?rest_route=%2Fwp%2Fv2%2Fcomments&post=328"}],"version-history":[{"count":3,"href":"http:\/\/sinpro-al.com.br\/v2\/index.php?rest_route=\/wp\/v2\/posts\/328\/revisions"}],"predecessor-version":[{"id":465,"href":"http:\/\/sinpro-al.com.br\/v2\/index.php?rest_route=\/wp\/v2\/posts\/328\/revisions\/465"}],"wp:attachment":[{"href":"http:\/\/sinpro-al.com.br\/v2\/index.php?rest_route=%2Fwp%2Fv2%2Fmedia&parent=328"}],"wp:term":[{"taxonomy":"category","embeddable":true,"href":"http:\/\/sinpro-al.com.br\/v2\/index.php?rest_route=%2Fwp%2Fv2%2Fcategories&post=328"},{"taxonomy":"post_tag","embeddable":true,"href":"http:\/\/sinpro-al.com.br\/v2\/index.php?rest_route=%2Fwp%2Fv2%2Ftags&post=328"}],"curies":[{"name":"wp","href":"https:\/\/api.w.org\/{rel}","templated":true}]}}