{"id":314,"date":"2014-05-05T09:59:51","date_gmt":"2014-05-05T12:59:51","guid":{"rendered":"http:\/\/sinpro-al.com.br\/v2\/?p=314"},"modified":"2014-05-07T12:08:26","modified_gmt":"2014-05-07T15:08:26","slug":"sinpro-al-participa-de-ato-no-dia-do-trabalhador-2","status":"publish","type":"post","link":"http:\/\/sinpro-al.com.br\/v2\/?p=314","title":{"rendered":"Sinpro-AL participa de ato no Dia do Trabalhador"},"content":{"rendered":"<p><a href=\"http:\/\/sinpro-al.com.br\/v2\/wp-content\/uploads\/2014\/05\/010520141929.jpg\"><img loading=\"lazy\" decoding=\"async\" class=\"alignleft size-medium wp-image-322\" alt=\"010520141929\" src=\"http:\/\/sinpro-al.com.br\/v2\/wp-content\/uploads\/2014\/05\/010520141929-300x168.jpg\" width=\"300\" height=\"168\" srcset=\"http:\/\/sinpro-al.com.br\/v2\/wp-content\/uploads\/2014\/05\/010520141929-300x168.jpg 300w, http:\/\/sinpro-al.com.br\/v2\/wp-content\/uploads\/2014\/05\/010520141929-1024x575.jpg 1024w\" sizes=\"auto, (max-width: 300px) 100vw, 300px\" \/><\/a>Na \u00faltima quinta-feira (1\u00b0 de maio) o Sindicato dos Professores de Alagoas (Sinpro-AL) participou das mobiliza\u00e7\u00f5es que comemoraram o Dia do Trabalhador na orla de Macei\u00f3. De acordo com a organiza\u00e7\u00e3o, cerca de tr\u00eas mil pessoas se concentraram na Praia de Jati\u00faca seguindo at\u00e9 a Ponta Verde, no Iate Clube.<\/p>\n<p>Nas reivindica\u00e7\u00f5es gerais estavam as campanhas salariais. &#8220;Este \u00e9 um momento importante em que toda a classe trabalhadora se une em uma \u00fanica causa&#8221;, ressaltou o vice-presidente do Sinpro-AL, Eduardo Vasconcelos.<\/p>\n<p>A caminhada serviu tamb\u00e9m para dar apoio \u00e0 pol\u00edcia, Minist\u00e9rio P\u00fablico e Poder Judici\u00e1rio pelo trabalho de combate \u00e0 corrup\u00e7\u00e3o e a criminalidade que vem sendo realizado em Alagoas.<\/p>\n<p>O presidente do Sinpro-AL, Fernando Firmino, tamb\u00e9m destacou o momento. &#8220;Temos por obriga\u00e7\u00e3o est\u00e1 aqui juntamente com outros companheiros, para juntos lutar pela nossa classe e mostra a realidade vivida pelo trabalhador&#8221;, colocou.<\/p>\n","protected":false},"excerpt":{"rendered":"<p>Na \u00faltima quinta-feira (1\u00b0 de maio) o Sindicato dos Professores de Alagoas (Sinpro-AL) participou das mobiliza\u00e7\u00f5es que comemoraram o Dia do Trabalhador na orla de Macei\u00f3. De acordo com a organiza\u00e7\u00e3o, cerca de tr\u00eas mil pessoas se concentraram na Praia de Jati\u00faca seguindo at\u00e9 a Ponta Verde, no Iate Clube. Nas reivindica\u00e7\u00f5es gerais estavam as [&hellip;]<\/p>\n","protected":false},"author":4,"featured_media":0,"comment_status":"open","ping_status":"open","sticky":false,"template":"","format":"standard","meta":{"footnotes":""},"categories":[18,4],"tags":[46,48,100,27,47,49,50,10],"class_list":["post-314","post","type-post","status-publish","format-standard","hentry","category-alagoas","category-noticias-sinpro-al","tag-1-de-maio","tag-48","tag-alagoas","tag-ato","tag-dia-do-trabalhador","tag-mobilizacao","tag-professores","tag-sinpro-al"],"_links":{"self":[{"href":"http:\/\/sinpro-al.com.br\/v2\/index.php?rest_route=\/wp\/v2\/posts\/314","targetHints":{"allow":["GET"]}}],"collection":[{"href":"http:\/\/sinpro-al.com.br\/v2\/index.php?rest_route=\/wp\/v2\/posts"}],"about":[{"href":"http:\/\/sinpro-al.com.br\/v2\/index.php?rest_route=\/wp\/v2\/types\/post"}],"author":[{"embeddable":true,"href":"http:\/\/sinpro-al.com.br\/v2\/index.php?rest_route=\/wp\/v2\/users\/4"}],"replies":[{"embeddable":true,"href":"http:\/\/sinpro-al.com.br\/v2\/index.php?rest_route=%2Fwp%2Fv2%2Fcomments&post=314"}],"version-history":[{"count":3,"href":"http:\/\/sinpro-al.com.br\/v2\/index.php?rest_route=\/wp\/v2\/posts\/314\/revisions"}],"predecessor-version":[{"id":324,"href":"http:\/\/sinpro-al.com.br\/v2\/index.php?rest_route=\/wp\/v2\/posts\/314\/revisions\/324"}],"wp:attachment":[{"href":"http:\/\/sinpro-al.com.br\/v2\/index.php?rest_route=%2Fwp%2Fv2%2Fmedia&parent=314"}],"wp:term":[{"taxonomy":"category","embeddable":true,"href":"http:\/\/sinpro-al.com.br\/v2\/index.php?rest_route=%2Fwp%2Fv2%2Fcategories&post=314"},{"taxonomy":"post_tag","embeddable":true,"href":"http:\/\/sinpro-al.com.br\/v2\/index.php?rest_route=%2Fwp%2Fv2%2Ftags&post=314"}],"curies":[{"name":"wp","href":"https:\/\/api.w.org\/{rel}","templated":true}]}}