{"id":312,"date":"2014-04-30T11:02:33","date_gmt":"2014-04-30T14:02:33","guid":{"rendered":"http:\/\/sinpro-al.com.br\/v2\/?p=312"},"modified":"2014-04-30T11:02:33","modified_gmt":"2014-04-30T14:02:33","slug":"sinpro-al-nao-abrira-nesta-sexta-feira-2-devido-as-comemoracoes-do-dia-do-trabalhador","status":"publish","type":"post","link":"http:\/\/sinpro-al.com.br\/v2\/?p=312","title":{"rendered":"Sinpro-AL n\u00e3o abrir\u00e1 nesta sexta-feira (2) devido as comemora\u00e7\u00f5es do Dia do Trabalhador"},"content":{"rendered":"<p>Devido as comemora\u00e7\u00f5es do Dia do Trabalhador nesta quinta-feira (1\u00b0 de maio) a sede do Sindicato dos Professores de Alagoas (Sinpro-AL), localizada na Rua Saldanha da Gama, 376, n\u00e3o funcionar\u00e1 na sexta-feira (2), voltando ao seu expediente normal na pr\u00f3xima segunda-feira (05).<\/p>\n<p>Para saber a programa\u00e7\u00e3o completa das comemora\u00e7\u00f5es <a href=\"http:\/\/sinpro-al.com.br\/v2\/?p=309\" target=\"_blank\"><strong>clique aqui.<\/strong><\/a><\/p>\n","protected":false},"excerpt":{"rendered":"<p>Devido as comemora\u00e7\u00f5es do Dia do Trabalhador nesta quinta-feira (1\u00b0 de maio) a sede do Sindicato dos Professores de Alagoas (Sinpro-AL), localizada na Rua Saldanha da Gama, 376, n\u00e3o funcionar\u00e1 na sexta-feira (2), voltando ao seu expediente normal na pr\u00f3xima segunda-feira (05). Para saber a programa\u00e7\u00e3o completa das comemora\u00e7\u00f5es clique aqui.<\/p>\n","protected":false},"author":4,"featured_media":0,"comment_status":"open","ping_status":"open","sticky":false,"template":"","format":"standard","meta":{"footnotes":""},"categories":[1],"tags":[],"class_list":["post-312","post","type-post","status-publish","format-standard","hentry","category-sem-categoria"],"_links":{"self":[{"href":"http:\/\/sinpro-al.com.br\/v2\/index.php?rest_route=\/wp\/v2\/posts\/312","targetHints":{"allow":["GET"]}}],"collection":[{"href":"http:\/\/sinpro-al.com.br\/v2\/index.php?rest_route=\/wp\/v2\/posts"}],"about":[{"href":"http:\/\/sinpro-al.com.br\/v2\/index.php?rest_route=\/wp\/v2\/types\/post"}],"author":[{"embeddable":true,"href":"http:\/\/sinpro-al.com.br\/v2\/index.php?rest_route=\/wp\/v2\/users\/4"}],"replies":[{"embeddable":true,"href":"http:\/\/sinpro-al.com.br\/v2\/index.php?rest_route=%2Fwp%2Fv2%2Fcomments&post=312"}],"version-history":[{"count":1,"href":"http:\/\/sinpro-al.com.br\/v2\/index.php?rest_route=\/wp\/v2\/posts\/312\/revisions"}],"predecessor-version":[{"id":313,"href":"http:\/\/sinpro-al.com.br\/v2\/index.php?rest_route=\/wp\/v2\/posts\/312\/revisions\/313"}],"wp:attachment":[{"href":"http:\/\/sinpro-al.com.br\/v2\/index.php?rest_route=%2Fwp%2Fv2%2Fmedia&parent=312"}],"wp:term":[{"taxonomy":"category","embeddable":true,"href":"http:\/\/sinpro-al.com.br\/v2\/index.php?rest_route=%2Fwp%2Fv2%2Fcategories&post=312"},{"taxonomy":"post_tag","embeddable":true,"href":"http:\/\/sinpro-al.com.br\/v2\/index.php?rest_route=%2Fwp%2Fv2%2Ftags&post=312"}],"curies":[{"name":"wp","href":"https:\/\/api.w.org\/{rel}","templated":true}]}}