{"id":309,"date":"2014-04-30T10:56:11","date_gmt":"2014-04-30T13:56:11","guid":{"rendered":"http:\/\/sinpro-al.com.br\/v2\/?p=309"},"modified":"2014-04-30T10:56:11","modified_gmt":"2014-04-30T13:56:11","slug":"sinpro-al-participa-de-ato-no-dia-do-trabalhador","status":"publish","type":"post","link":"http:\/\/sinpro-al.com.br\/v2\/?p=309","title":{"rendered":"Sinpro-AL participa de ato no Dia do Trabalhador"},"content":{"rendered":"<p><a href=\"http:\/\/sinpro-al.com.br\/v2\/wp-content\/uploads\/2014\/04\/200-297.jpg\"><img loading=\"lazy\" decoding=\"async\" class=\"alignleft size-full wp-image-310\" alt=\"200-297\" src=\"http:\/\/sinpro-al.com.br\/v2\/wp-content\/uploads\/2014\/04\/200-297.jpg\" width=\"200\" height=\"297\" \/><\/a>O Sindicato dos Professores de Alagoas (Sinpro-AL) participa nesta quinta-feira, 1\u00b0 de maio, das comemora\u00e7\u00f5es do Dia do Trabalhador organizado pela\u00a0Central \u00danica dos Trabalhadores em Alagoas (CUT-AL) vai comemorar o 1\u00ba de Maio. Uma grande caminhada ocorrer\u00e1 com\u00a0<span style=\"line-height: 1.5em;\">concentra\u00e7\u00e3o \u00e0s 8h30, no Posto 7, na praia de Jati\u00faca, onde haver\u00e1 apresenta\u00e7\u00e3o de bumba meu boi e show da banda Rog\u00e9rio e Banda.<\/span><\/p>\n<p>\u00c0s 10h30 ter\u00e1 inc\u00edo a caminhada em dire\u00e7\u00e3o ao antigo Alagoinhas. Durante o trajeto haver\u00e1 batucada, banda de fanfarra, express\u00f5es culturais e performances pol\u00edticas. O evento ser\u00e1 encerrado com show da banda Samba de N\u00eago.\u00a0O eixo central da mobiliza\u00e7\u00e3o deste ano \u00e9: \u201cFortalecer a Democracia e Ampliar Conquistas\u201d.<\/p>\n<p>Entre as bandeiras levantadas est\u00e3o a redu\u00e7\u00e3o da jornada de trabalho para 40 horas, sem redu\u00e7\u00e3o de sal\u00e1rio; fim do fator previdenci\u00e1rio e valoriza\u00e7\u00e3o das aposentadorias; defesa da pol\u00edtica de valoriza\u00e7\u00e3o do sal\u00e1rio m\u00ednimo; reforma agr\u00e1ria e pol\u00edtica agr\u00edcola; reforma pol\u00edtica; 10% do PIB para a Educa\u00e7\u00e3o P\u00fablica e Aplica\u00e7\u00e3o da lei do Piso salarial Nacional do Magist\u00e9rio; 10% do Or\u00e7amento da Uni\u00e3o para a Sa\u00fade; combate ao projeto de Lei 4330 \u2013 Terceiriza\u00e7\u00e3o; democratiza\u00e7\u00e3o dos meios de comunica\u00e7\u00e3o; Igualdade de oportunidades entre mulheres e homens; fortalecimento do Setor El\u00e9trico e do Petr\u00f3leo; valoriza\u00e7\u00e3o dos Servi\u00e7os P\u00fablicos e apoio aos servidores p\u00fablicos estaduais.<\/p>\n<p><em>Com informa\u00e7\u00f5es da CUT\/AL.<\/em><\/p>\n","protected":false},"excerpt":{"rendered":"<p>O Sindicato dos Professores de Alagoas (Sinpro-AL) participa nesta quinta-feira, 1\u00b0 de maio, das comemora\u00e7\u00f5es do Dia do Trabalhador organizado pela\u00a0Central \u00danica dos Trabalhadores em Alagoas (CUT-AL) vai comemorar o 1\u00ba de Maio. Uma grande caminhada ocorrer\u00e1 com\u00a0concentra\u00e7\u00e3o \u00e0s 8h30, no Posto 7, na praia de Jati\u00faca, onde haver\u00e1 apresenta\u00e7\u00e3o de bumba meu boi e [&hellip;]<\/p>\n","protected":false},"author":4,"featured_media":0,"comment_status":"open","ping_status":"open","sticky":false,"template":"","format":"standard","meta":{"footnotes":""},"categories":[18,13,4],"tags":[],"class_list":["post-309","post","type-post","status-publish","format-standard","hentry","category-alagoas","category-educacao","category-noticias-sinpro-al"],"_links":{"self":[{"href":"http:\/\/sinpro-al.com.br\/v2\/index.php?rest_route=\/wp\/v2\/posts\/309","targetHints":{"allow":["GET"]}}],"collection":[{"href":"http:\/\/sinpro-al.com.br\/v2\/index.php?rest_route=\/wp\/v2\/posts"}],"about":[{"href":"http:\/\/sinpro-al.com.br\/v2\/index.php?rest_route=\/wp\/v2\/types\/post"}],"author":[{"embeddable":true,"href":"http:\/\/sinpro-al.com.br\/v2\/index.php?rest_route=\/wp\/v2\/users\/4"}],"replies":[{"embeddable":true,"href":"http:\/\/sinpro-al.com.br\/v2\/index.php?rest_route=%2Fwp%2Fv2%2Fcomments&post=309"}],"version-history":[{"count":1,"href":"http:\/\/sinpro-al.com.br\/v2\/index.php?rest_route=\/wp\/v2\/posts\/309\/revisions"}],"predecessor-version":[{"id":311,"href":"http:\/\/sinpro-al.com.br\/v2\/index.php?rest_route=\/wp\/v2\/posts\/309\/revisions\/311"}],"wp:attachment":[{"href":"http:\/\/sinpro-al.com.br\/v2\/index.php?rest_route=%2Fwp%2Fv2%2Fmedia&parent=309"}],"wp:term":[{"taxonomy":"category","embeddable":true,"href":"http:\/\/sinpro-al.com.br\/v2\/index.php?rest_route=%2Fwp%2Fv2%2Fcategories&post=309"},{"taxonomy":"post_tag","embeddable":true,"href":"http:\/\/sinpro-al.com.br\/v2\/index.php?rest_route=%2Fwp%2Fv2%2Ftags&post=309"}],"curies":[{"name":"wp","href":"https:\/\/api.w.org\/{rel}","templated":true}]}}