{"id":301,"date":"2014-04-23T11:19:30","date_gmt":"2014-04-23T14:19:30","guid":{"rendered":"http:\/\/sinpro-al.com.br\/v2\/?p=301"},"modified":"2014-04-23T11:20:57","modified_gmt":"2014-04-23T14:20:57","slug":"301","status":"publish","type":"post","link":"http:\/\/sinpro-al.com.br\/v2\/?p=301","title":{"rendered":"Texto-base do PNE \u00e9 aprovado, mas sem garantia de uma educa\u00e7\u00e3o n\u00e3o sexista e n\u00e3o homof\u00f3bica"},"content":{"rendered":"<div id=\"attachment_302\" style=\"width: 310px\" class=\"wp-caption alignleft\"><a href=\"http:\/\/sinpro-al.com.br\/v2\/wp-content\/uploads\/2014\/04\/pne-interna.jpg\"><img loading=\"lazy\" decoding=\"async\" aria-describedby=\"caption-attachment-302\" class=\"size-medium wp-image-302\" alt=\"Foto: Internet\" src=\"http:\/\/sinpro-al.com.br\/v2\/wp-content\/uploads\/2014\/04\/pne-interna-300x224.jpg\" width=\"300\" height=\"224\" srcset=\"http:\/\/sinpro-al.com.br\/v2\/wp-content\/uploads\/2014\/04\/pne-interna-300x224.jpg 300w, http:\/\/sinpro-al.com.br\/v2\/wp-content\/uploads\/2014\/04\/pne-interna.jpg 960w\" sizes=\"auto, (max-width: 300px) 100vw, 300px\" \/><\/a><p id=\"caption-attachment-302\" class=\"wp-caption-text\">Foto: Internet<\/p><\/div>\n<p>A Comiss\u00e3o Especial da C\u00e2mara dos Deputados que analisa o Plano Nacional de Educa\u00e7\u00e3o aprovou ontem (22) o texto-base do parecer do relator \u00c2ngelo Vanhoni (PT-PR) sobre a mat\u00e9ria. No entanto, quest\u00f5es como o pr\u00f3prio financiamento ainda permanecem, de certa forma, pendentes. Isso porque a reuni\u00e3o \u2013 acompanhada pela coordenadora da Secretaria de Assuntos Institucionais da Contee, Nara Teixeira de Souza, e pela coordenadora da Secretaria de G\u00eanero e Etnia, Rita Fraga \u2013 foi encerrada, em fun\u00e7\u00e3o do come\u00e7o da sess\u00e3o ordin\u00e1ria no Plen\u00e1rio da Casa, antes que fosse votado o destaque referente ao dispositivo enxertado na mat\u00e9ria pelo Senado Federal que permite a contabiliza\u00e7\u00e3o, na meta 20 do PNE \u2013 aquela que assegura os investimentos de 10% do PIB em educa\u00e7\u00e3o p\u00fablica \u2013, de programas como ProUni, Fies e Pronatec, al\u00e9m de matr\u00edculas em creches e pr\u00e9-escolas conveniadas.<\/p>\n<p>Isso significa uma contradi\u00e7\u00e3o, como apontaram parlamentares que, como a Contee, defendem a educa\u00e7\u00e3o p\u00fablica, uma vez que \u00e9 um caminho para o escoamento desses recursos para a iniciativa privada. A quest\u00e3o provocou intenso debate entre os que, a exemplo da Confedera\u00e7\u00e3o, lutam por uma garantia efetiva da expans\u00e3o da educa\u00e7\u00e3o p\u00fablica de qualidade nos diversos n\u00edveis e modalidades de ensino e aqueles defensores de interesses privatistas. Contudo, a vota\u00e7\u00e3o desse destaque, bem como a de todos os demais, s\u00f3 ser\u00e1 conclu\u00edda hoje.<\/p>\n<p>O \u00fanico destaque aprovado hoje representa um retrocesso: diante de uma intensa press\u00e3o de setores religiosos conservadores, a Comiss\u00e3o Especial rejeitou, por 15 votos a 11, o texto da C\u00e2mara que assegurava, como uma das diretrizes do PNE, a supera\u00e7\u00e3o das desigualdades educacionais, com \u00eanfase na promo\u00e7\u00e3o da igualdade racial, regional, de g\u00eanero e de orienta\u00e7\u00e3o sexual. A Contee repudia esse resultado, que contraria a batalha por uma educa\u00e7\u00e3o n\u00e3o sexista e n\u00e3o homof\u00f3bica, uma das bandeiras da Confedera\u00e7\u00e3o, e vai de encontro ao ideal de escola como ambiente promotor da igualdade, do respeito e do combate a todo e qualquer tipo de discrimina\u00e7\u00e3o.<\/p>\n<p><em>Contee.org.br<\/em><\/p>\n","protected":false},"excerpt":{"rendered":"<p>A Comiss\u00e3o Especial da C\u00e2mara dos Deputados que analisa o Plano Nacional de Educa\u00e7\u00e3o aprovou ontem (22) o texto-base do parecer do relator \u00c2ngelo Vanhoni (PT-PR) sobre a mat\u00e9ria. No entanto, quest\u00f5es como o pr\u00f3prio financiamento ainda permanecem, de certa forma, pendentes. Isso porque a reuni\u00e3o \u2013 acompanhada pela coordenadora da Secretaria de Assuntos Institucionais [&hellip;]<\/p>\n","protected":false},"author":4,"featured_media":0,"comment_status":"open","ping_status":"open","sticky":false,"template":"","format":"standard","meta":{"footnotes":""},"categories":[14,13],"tags":[39,99,44,42,98,43,41,45],"class_list":["post-301","post","type-post","status-publish","format-standard","hentry","category-brasil","category-educacao","tag-aprovacao","tag-brasil","tag-brasilia","tag-camara","tag-educacao","tag-pne","tag-senado","tag-votacao"],"_links":{"self":[{"href":"http:\/\/sinpro-al.com.br\/v2\/index.php?rest_route=\/wp\/v2\/posts\/301","targetHints":{"allow":["GET"]}}],"collection":[{"href":"http:\/\/sinpro-al.com.br\/v2\/index.php?rest_route=\/wp\/v2\/posts"}],"about":[{"href":"http:\/\/sinpro-al.com.br\/v2\/index.php?rest_route=\/wp\/v2\/types\/post"}],"author":[{"embeddable":true,"href":"http:\/\/sinpro-al.com.br\/v2\/index.php?rest_route=\/wp\/v2\/users\/4"}],"replies":[{"embeddable":true,"href":"http:\/\/sinpro-al.com.br\/v2\/index.php?rest_route=%2Fwp%2Fv2%2Fcomments&post=301"}],"version-history":[{"count":2,"href":"http:\/\/sinpro-al.com.br\/v2\/index.php?rest_route=\/wp\/v2\/posts\/301\/revisions"}],"predecessor-version":[{"id":305,"href":"http:\/\/sinpro-al.com.br\/v2\/index.php?rest_route=\/wp\/v2\/posts\/301\/revisions\/305"}],"wp:attachment":[{"href":"http:\/\/sinpro-al.com.br\/v2\/index.php?rest_route=%2Fwp%2Fv2%2Fmedia&parent=301"}],"wp:term":[{"taxonomy":"category","embeddable":true,"href":"http:\/\/sinpro-al.com.br\/v2\/index.php?rest_route=%2Fwp%2Fv2%2Fcategories&post=301"},{"taxonomy":"post_tag","embeddable":true,"href":"http:\/\/sinpro-al.com.br\/v2\/index.php?rest_route=%2Fwp%2Fv2%2Ftags&post=301"}],"curies":[{"name":"wp","href":"https:\/\/api.w.org\/{rel}","templated":true}]}}