{"id":290,"date":"2014-04-07T11:59:02","date_gmt":"2014-04-07T14:59:02","guid":{"rendered":"http:\/\/sinpro-al.com.br\/v2\/?p=290"},"modified":"2014-04-07T11:59:02","modified_gmt":"2014-04-07T14:59:02","slug":"sinpro-al-participa-de-audiencia-que-regulamenta-quantidade-de-alunos-em-sala-de-aula","status":"publish","type":"post","link":"http:\/\/sinpro-al.com.br\/v2\/?p=290","title":{"rendered":"Sinpro-AL participa de audi\u00eancia que regulamenta quantidade de alunos em sala de aula"},"content":{"rendered":"<p>No \u00faltimo dia 31 de mar\u00e7o o Sindicato dos Professores de Alagoas (Sinpro-AL) participou de uma audi\u00eancia no Minist\u00e9rio P\u00fablico do Trabalho (MPT) com o Sindicato dos Estabelecimentos de Ensino de Alagoas que regulamentou a quantidade de alunos em sala de aula. A iniciativa partiu ap\u00f3s uma s\u00e9rie de den\u00fancias sobre a superlota\u00e7\u00e3o neste locais que prejudica o desenvolvimento dos estudantes e o desempenho profissional dos professores.<\/p>\n<p>Um Termo de Ajustamento de Conduta (TAC) foi assinado e as institui\u00e7\u00f5es de ensino particular t\u00eam at\u00e9 o pr\u00f3ximo ano para adaptar a quantidade de estudantes em sala de acordo com a resolu\u00e7\u00e3o 055\/2002 do Conselho Estadual de Educa\u00e7\u00e3o. As mudan\u00e7as para 2014 ficaram inviabilizadas, j\u00e1 que o ano letivo est\u00e1 em andamento.<\/p>\n<p>Segundo a resolu\u00e7\u00e3o a quantidade de alunos fica distribu\u00edda da seguinte forma: para o Ensino Fundamental Regular (1\u00b0 e 2\u00b0 anos &#8211; 25 alunos; 3\u00b0 e 4\u00b0 anos &#8211; 30 alunos; 5\u00b0 e 6\u00b0 anos &#8211; 40 alunos; 7\u00b0 e 8\u00b0 anos &#8211; 45 alunos) e para o Ensino M\u00e9dio Regular &#8211; 50 alunos.<\/p>\n","protected":false},"excerpt":{"rendered":"<p>No \u00faltimo dia 31 de mar\u00e7o o Sindicato dos Professores de Alagoas (Sinpro-AL) participou de uma audi\u00eancia no Minist\u00e9rio P\u00fablico do Trabalho (MPT) com o Sindicato dos Estabelecimentos de Ensino de Alagoas que regulamentou a quantidade de alunos em sala de aula. A iniciativa partiu ap\u00f3s uma s\u00e9rie de den\u00fancias sobre a superlota\u00e7\u00e3o neste locais [&hellip;]<\/p>\n","protected":false},"author":4,"featured_media":0,"comment_status":"open","ping_status":"open","sticky":false,"template":"","format":"standard","meta":{"footnotes":""},"categories":[18,13,4],"tags":[],"class_list":["post-290","post","type-post","status-publish","format-standard","hentry","category-alagoas","category-educacao","category-noticias-sinpro-al"],"_links":{"self":[{"href":"http:\/\/sinpro-al.com.br\/v2\/index.php?rest_route=\/wp\/v2\/posts\/290","targetHints":{"allow":["GET"]}}],"collection":[{"href":"http:\/\/sinpro-al.com.br\/v2\/index.php?rest_route=\/wp\/v2\/posts"}],"about":[{"href":"http:\/\/sinpro-al.com.br\/v2\/index.php?rest_route=\/wp\/v2\/types\/post"}],"author":[{"embeddable":true,"href":"http:\/\/sinpro-al.com.br\/v2\/index.php?rest_route=\/wp\/v2\/users\/4"}],"replies":[{"embeddable":true,"href":"http:\/\/sinpro-al.com.br\/v2\/index.php?rest_route=%2Fwp%2Fv2%2Fcomments&post=290"}],"version-history":[{"count":1,"href":"http:\/\/sinpro-al.com.br\/v2\/index.php?rest_route=\/wp\/v2\/posts\/290\/revisions"}],"predecessor-version":[{"id":291,"href":"http:\/\/sinpro-al.com.br\/v2\/index.php?rest_route=\/wp\/v2\/posts\/290\/revisions\/291"}],"wp:attachment":[{"href":"http:\/\/sinpro-al.com.br\/v2\/index.php?rest_route=%2Fwp%2Fv2%2Fmedia&parent=290"}],"wp:term":[{"taxonomy":"category","embeddable":true,"href":"http:\/\/sinpro-al.com.br\/v2\/index.php?rest_route=%2Fwp%2Fv2%2Fcategories&post=290"},{"taxonomy":"post_tag","embeddable":true,"href":"http:\/\/sinpro-al.com.br\/v2\/index.php?rest_route=%2Fwp%2Fv2%2Ftags&post=290"}],"curies":[{"name":"wp","href":"https:\/\/api.w.org\/{rel}","templated":true}]}}