{"id":281,"date":"2014-03-26T11:01:48","date_gmt":"2014-03-26T14:01:48","guid":{"rendered":"http:\/\/sinpro-al.com.br\/v2\/?p=281"},"modified":"2014-03-26T11:11:46","modified_gmt":"2014-03-26T14:11:46","slug":"13o-ato-do-programa-ufal-em-defesa-da-vida-reflete-sobre-50-anos-da-ditadura","status":"publish","type":"post","link":"http:\/\/sinpro-al.com.br\/v2\/?p=281","title":{"rendered":"13\u00ba Ato do Programa Ufal em Defesa da Vida reflete sobre 50 anos da ditadura"},"content":{"rendered":"<p>N\u00e3o adianta dizer que esse drama n\u00e3o lhe diz respeito. De um modo ou de outro, a vida de cada brasileiro foi afetada pela Ditadura <a href=\"http:\/\/sinpro-al.com.br\/v2\/wp-content\/uploads\/2014\/03\/image_large.jpg\"><img loading=\"lazy\" decoding=\"async\" class=\"alignright size-medium wp-image-282\" alt=\"image_large\" src=\"http:\/\/sinpro-al.com.br\/v2\/wp-content\/uploads\/2014\/03\/image_large-225x300.jpg\" width=\"225\" height=\"300\" srcset=\"http:\/\/sinpro-al.com.br\/v2\/wp-content\/uploads\/2014\/03\/image_large-225x300.jpg 225w, http:\/\/sinpro-al.com.br\/v2\/wp-content\/uploads\/2014\/03\/image_large.jpg 500w\" sizes=\"auto, (max-width: 225px) 100vw, 225px\" \/><\/a>Militar. Pode ter sido de forma tr\u00e1gica, com tortura, desaparecimento, ex\u00edlio, como aconteceu com milhares de pessoas. Pode ser que tenha sido de forma silenciosa, pelo que n\u00e3o se pode ouvir ou falar nesse per\u00edodo.<\/p>\n<p>S\u00e3o 50 anos do decreto da Ditadura Militar.\u00a0N\u00e3o faz\u00a0muito tempo, as feridas ainda n\u00e3o cicatrizaram. A Comiss\u00e3o da Verdade, organizada para esclarecer fatos desse per\u00edodo sombrio ainda colhe relatos de pessoas sequeladas f\u00edsica e psicologicamente por causa da passagem pelos por\u00f5es da ditadura. A imagem utilizada para divulgar o ato, um homem nu pendurado no pau-de-arara, choca principalmente por sabermos que era o Estado o autor de t\u00e3o cruel forma de &#8220;tratamento&#8221; aos cidad\u00e3os tidos como &#8220;perigosos&#8221;.<\/p>\n<p>Torturadores ainda convivem impunemente em meio a sociedade, sem que seus crimes sejam apontados. Familiares ainda buscam saber o que aconteceu\u00a0com parentes\u00a0que simplesmente desapareceram do mapa. Outros querem ao menos localizar os ossos para encerrar uma hist\u00f3ria que ainda d\u00f3i muito.<\/p>\n<p>\u00c9 por isso que essa hist\u00f3ria n\u00e3o pode ser esquecida. Ela ainda nem acabou! Por isso, nos dias 31 de mar\u00e7o e 1\u00ba de abril, a Comiss\u00e3o da Verdade, OAB, DCE, UNE, CUT, ADUFAL,\u00a0Partidos Pol\u00edticos\u00a0e o Movimento em Defesa da Vida, coordenado pela Pr\u00f3-reitoria Estudantil da Ufal, que iniciou a organiza\u00e7\u00e3o deste evento, esperam que os estudantes, professores e a sociedade de uma forma geral venham participar das atividades.\u00a0A primeira mesa-redonda, na segunda-feira, 31 de mar\u00e7o, \u00e0s 9 h, ter\u00e1 como tema \u201c50 anos da Ditadura Militar no Brasil: Para que n\u00e3o se esque\u00e7a! Para que\u00a0nunca mais\u00a0aconte\u00e7a!&#8221;. Os palestrantes tem muito a dizer sobre isso, por experi\u00eancia pr\u00f3pria. S\u00e3o eles Edval Nunes Caj\u00e1 e Jos\u00e9 Costa.<\/p>\n<p>O soci\u00f3logo Edval Nunes da Silva, conhecido como \u201cCaj\u00e1\u201d, foi preso e torturado na d\u00e9cada de 70. Ele assessorou D. H\u00e9lder C\u00e2mara, que ficou conhecido como &#8220;Bispo vermelho&#8221; pela defesa intransigente dos direitos humanos. Caj\u00e1 nasceu numa\u00a0pequena cidade\u00a0paraibana e se tornou comunista quando entrou no semin\u00e1rio de Cajazeiras, depois, quando se mudou para Recife, trabalhou como assessor da Arquidiocese de Olinda e Recife. Nesse per\u00edodo ele foi preso pela pol\u00edcia pol\u00edtica, em 1975.<\/p>\n<p>Durante a tarde, o ato ser\u00e1 cultural, com a realiza\u00e7\u00e3o do Papel no Varal: Liberdade, a partir das 17h, na pra\u00e7a do\u00a0Restaurante Universit\u00e1rio. Ricardo Cab\u00fas vai coordenar a atividade de declama\u00e7\u00e3o de poesias em homenagem \u00e0 mem\u00f3ria dos que ca\u00edram lutando pela liberdade. Tamb\u00e9m vai participar o vocalista da Banda Vibra\u00e7\u00f5es, Luiz de Assis.<\/p>\n<p>No\u00a0dia seguinte, ter\u00e7a-feira, 9h, haver\u00e1 a\u00a0mesa redonda\u00a0\u201cHist\u00f3rias Reveladas pelos presos pol\u00edticos e familiares\u201d, com a participa\u00e7\u00e3o de Marivone Loureiro, Valmir Costa, Fernando Costa e Jos\u00e9 Nascimento. &#8220;Ser\u00e1 uma oportunidade impar para nos reunirmos e refletirmos em torno deste acontecimento hist\u00f3rico, que teve repercuss\u00e3o significativa na vida pol\u00edtica brasileira, para podermos valorizar as conquistas da democracia, da liberdade de express\u00e3o e de organiza\u00e7\u00e3o pol\u00edtica&#8221;, ressalta Ruth Vasconcelos, coordenadora do Programa Ufal em Defesa da Vida.<\/p>\n<p>Ascom UFAL<\/p>\n","protected":false},"excerpt":{"rendered":"<p>N\u00e3o adianta dizer que esse drama n\u00e3o lhe diz respeito. De um modo ou de outro, a vida de cada brasileiro foi afetada pela Ditadura Militar. Pode ter sido de forma tr\u00e1gica, com tortura, desaparecimento, ex\u00edlio, como aconteceu com milhares de pessoas. Pode ser que tenha sido de forma silenciosa, pelo que n\u00e3o se pode [&hellip;]<\/p>\n","protected":false},"author":4,"featured_media":0,"comment_status":"open","ping_status":"open","sticky":false,"template":"","format":"standard","meta":{"footnotes":""},"categories":[18,14],"tags":[100,27,29,28,30],"class_list":["post-281","post","type-post","status-publish","format-standard","hentry","category-alagoas","category-brasil","tag-alagoas","tag-ato","tag-ditadura","tag-ufal","tag-vitimas"],"_links":{"self":[{"href":"http:\/\/sinpro-al.com.br\/v2\/index.php?rest_route=\/wp\/v2\/posts\/281","targetHints":{"allow":["GET"]}}],"collection":[{"href":"http:\/\/sinpro-al.com.br\/v2\/index.php?rest_route=\/wp\/v2\/posts"}],"about":[{"href":"http:\/\/sinpro-al.com.br\/v2\/index.php?rest_route=\/wp\/v2\/types\/post"}],"author":[{"embeddable":true,"href":"http:\/\/sinpro-al.com.br\/v2\/index.php?rest_route=\/wp\/v2\/users\/4"}],"replies":[{"embeddable":true,"href":"http:\/\/sinpro-al.com.br\/v2\/index.php?rest_route=%2Fwp%2Fv2%2Fcomments&post=281"}],"version-history":[{"count":2,"href":"http:\/\/sinpro-al.com.br\/v2\/index.php?rest_route=\/wp\/v2\/posts\/281\/revisions"}],"predecessor-version":[{"id":284,"href":"http:\/\/sinpro-al.com.br\/v2\/index.php?rest_route=\/wp\/v2\/posts\/281\/revisions\/284"}],"wp:attachment":[{"href":"http:\/\/sinpro-al.com.br\/v2\/index.php?rest_route=%2Fwp%2Fv2%2Fmedia&parent=281"}],"wp:term":[{"taxonomy":"category","embeddable":true,"href":"http:\/\/sinpro-al.com.br\/v2\/index.php?rest_route=%2Fwp%2Fv2%2Fcategories&post=281"},{"taxonomy":"post_tag","embeddable":true,"href":"http:\/\/sinpro-al.com.br\/v2\/index.php?rest_route=%2Fwp%2Fv2%2Ftags&post=281"}],"curies":[{"name":"wp","href":"https:\/\/api.w.org\/{rel}","templated":true}]}}