{"id":2803,"date":"2016-07-11T14:02:43","date_gmt":"2016-07-11T17:02:43","guid":{"rendered":"http:\/\/sinpro-al.com.br\/v2\/?p=2803"},"modified":"2016-07-11T14:09:30","modified_gmt":"2016-07-11T17:09:30","slug":"nucleo-de-apoio-psicologico-do-sinproal-esta-em-funcionamento","status":"publish","type":"post","link":"http:\/\/sinpro-al.com.br\/v2\/?p=2803","title":{"rendered":"N\u00facleo de Apoio Psicol\u00f3gico do Sinpro\/AL est\u00e1 em funcionamento"},"content":{"rendered":"<p>&nbsp;<\/p>\n<div id=\"attachment_2804\" style=\"width: 322px\" class=\"wp-caption alignleft\"><a href=\"http:\/\/sinpro-al.com.br\/v2\/wp-content\/uploads\/2016\/07\/20160711_131424_resized.jpg\" rel=\"attachment wp-att-2804\"><img loading=\"lazy\" decoding=\"async\" aria-describedby=\"caption-attachment-2804\" class=\"wp-image-2804\" src=\"http:\/\/sinpro-al.com.br\/v2\/wp-content\/uploads\/2016\/07\/20160711_131424_resized-300x169.jpg\" alt=\"20160711_131424_resized\" width=\"312\" height=\"176\" srcset=\"http:\/\/sinpro-al.com.br\/v2\/wp-content\/uploads\/2016\/07\/20160711_131424_resized-300x169.jpg 300w, http:\/\/sinpro-al.com.br\/v2\/wp-content\/uploads\/2016\/07\/20160711_131424_resized-768x432.jpg 768w, http:\/\/sinpro-al.com.br\/v2\/wp-content\/uploads\/2016\/07\/20160711_131424_resized-1024x576.jpg 1024w\" sizes=\"auto, (max-width: 312px) 100vw, 312px\" \/><\/a><p id=\"caption-attachment-2804\" class=\"wp-caption-text\">Psic\u00f3logo Albery Ferreira Lima coordena atividades do NAP na sede do Sinpro\/AL<\/p><\/div>\n<p>O N\u00facleo de Apoio Psicol\u00f3gico (NAP) desenvolvido pelo psic\u00f3logo do Sindicato dos Professores de Alagoas (Sinpro\/AL), Albery Ferreira Lima (CRP 15\/4271) , est\u00e1 em pleno funcionamento nas segundas (12h \u00e0s 15h), quartas (9h \u00e0s 12h) e sextas (9h \u00e0s 12h) na sede da entidade classista, na rua Saldanha da Gama, 376, no bairro do Farol, em Macei\u00f3. O NAP tem o intuito de ofertar os seguintes servi\u00e7os:<\/p>\n<p>1) Acolhimento dos profissionais da educa\u00e7\u00e3o;<\/p>\n<p>2) Encaminhamento para psicoterapia;<\/p>\n<p>3) Grupos (operativos, institucionais, comunit\u00e1rios e auto-ajuda);<\/p>\n<p>4) Promover palestras, workshop, semin\u00e1rios e<\/p>\n<p>5) Contribuir para capacita\u00e7\u00e3o, treinamento e desenvolvimento profissional.<\/p>\n<p>Vale lembrar que o atendimento aos docentes filiados ao Sindicato dos Professores de Alagoas dever\u00e1 ser agendado pelo contato: 3313-3607 ou pelo endere\u00e7o sinprosaude.al@gmail.com de segunda a sexta de 9h \u00e0s 15h.<\/p>\n<p>O N\u00facleo de Apoio Psicol\u00f3gico (NAP) \u00e9 um servi\u00e7o gratuito oferecido aos docentes filiados.<\/p>\n<p>A diretoria do Sinpro\/AL segue engajada em defesa da categoria e desenvolvendo a\u00e7\u00f5es em prol da sa\u00fade dos educadores.<\/p>\n<p><strong>Somos professores com orgulho e exigimos respeito!<\/strong><\/p>\n<p>&nbsp;<\/p>\n<p>&nbsp;<\/p>\n<p>&nbsp;<\/p>\n<p>&nbsp;<\/p>\n<p>&nbsp;<\/p>\n<p>&nbsp;<\/p>\n","protected":false},"excerpt":{"rendered":"<p>&nbsp; O N\u00facleo de Apoio Psicol\u00f3gico (NAP) desenvolvido pelo psic\u00f3logo do Sindicato dos Professores de Alagoas (Sinpro\/AL), Albery Ferreira Lima (CRP 15\/4271) , est\u00e1 em pleno funcionamento nas segundas (12h \u00e0s 15h), quartas (9h \u00e0s 12h) e sextas (9h \u00e0s 12h) na sede da entidade classista, na rua Saldanha da Gama, 376, no bairro do [&hellip;]<\/p>\n","protected":false},"author":4,"featured_media":2804,"comment_status":"open","ping_status":"open","sticky":false,"template":"","format":"standard","meta":{"footnotes":""},"categories":[4],"tags":[],"class_list":["post-2803","post","type-post","status-publish","format-standard","has-post-thumbnail","hentry","category-noticias-sinpro-al"],"_links":{"self":[{"href":"http:\/\/sinpro-al.com.br\/v2\/index.php?rest_route=\/wp\/v2\/posts\/2803","targetHints":{"allow":["GET"]}}],"collection":[{"href":"http:\/\/sinpro-al.com.br\/v2\/index.php?rest_route=\/wp\/v2\/posts"}],"about":[{"href":"http:\/\/sinpro-al.com.br\/v2\/index.php?rest_route=\/wp\/v2\/types\/post"}],"author":[{"embeddable":true,"href":"http:\/\/sinpro-al.com.br\/v2\/index.php?rest_route=\/wp\/v2\/users\/4"}],"replies":[{"embeddable":true,"href":"http:\/\/sinpro-al.com.br\/v2\/index.php?rest_route=%2Fwp%2Fv2%2Fcomments&post=2803"}],"version-history":[{"count":1,"href":"http:\/\/sinpro-al.com.br\/v2\/index.php?rest_route=\/wp\/v2\/posts\/2803\/revisions"}],"predecessor-version":[{"id":2805,"href":"http:\/\/sinpro-al.com.br\/v2\/index.php?rest_route=\/wp\/v2\/posts\/2803\/revisions\/2805"}],"wp:featuredmedia":[{"embeddable":true,"href":"http:\/\/sinpro-al.com.br\/v2\/index.php?rest_route=\/wp\/v2\/media\/2804"}],"wp:attachment":[{"href":"http:\/\/sinpro-al.com.br\/v2\/index.php?rest_route=%2Fwp%2Fv2%2Fmedia&parent=2803"}],"wp:term":[{"taxonomy":"category","embeddable":true,"href":"http:\/\/sinpro-al.com.br\/v2\/index.php?rest_route=%2Fwp%2Fv2%2Fcategories&post=2803"},{"taxonomy":"post_tag","embeddable":true,"href":"http:\/\/sinpro-al.com.br\/v2\/index.php?rest_route=%2Fwp%2Fv2%2Ftags&post=2803"}],"curies":[{"name":"wp","href":"https:\/\/api.w.org\/{rel}","templated":true}]}}