{"id":2794,"date":"2016-07-07T21:59:48","date_gmt":"2016-07-08T00:59:48","guid":{"rendered":"http:\/\/sinpro-al.com.br\/v2\/?p=2794"},"modified":"2016-07-07T22:01:36","modified_gmt":"2016-07-08T01:01:36","slug":"projeto-contra-assedio-moral-desenvolvido-pelo-sinproal-e-destaque-na-imprensa","status":"publish","type":"post","link":"http:\/\/sinpro-al.com.br\/v2\/?p=2794","title":{"rendered":"Projeto contra ass\u00e9dio moral desenvolvido pelo Sinpro\/AL \u00e9 destaque na imprensa"},"content":{"rendered":"<div id=\"attachment_2795\" style=\"width: 337px\" class=\"wp-caption alignleft\"><a href=\"http:\/\/sinpro-al.com.br\/v2\/wp-content\/uploads\/2016\/07\/tribuna-mat\u00e9ria.jpg\" rel=\"attachment wp-att-2795\"><img loading=\"lazy\" decoding=\"async\" aria-describedby=\"caption-attachment-2795\" class=\"wp-image-2795\" src=\"http:\/\/sinpro-al.com.br\/v2\/wp-content\/uploads\/2016\/07\/tribuna-mat\u00e9ria-300x155.jpg\" alt=\"tribuna mat\u00e9ria\" width=\"327\" height=\"169\" srcset=\"http:\/\/sinpro-al.com.br\/v2\/wp-content\/uploads\/2016\/07\/tribuna-mat\u00e9ria-300x155.jpg 300w, http:\/\/sinpro-al.com.br\/v2\/wp-content\/uploads\/2016\/07\/tribuna-mat\u00e9ria-768x397.jpg 768w, http:\/\/sinpro-al.com.br\/v2\/wp-content\/uploads\/2016\/07\/tribuna-mat\u00e9ria-1024x529.jpg 1024w, http:\/\/sinpro-al.com.br\/v2\/wp-content\/uploads\/2016\/07\/tribuna-mat\u00e9ria.jpg 1049w\" sizes=\"auto, (max-width: 327px) 100vw, 327px\" \/><\/a><p id=\"caption-attachment-2795\" class=\"wp-caption-text\">Clique para ampliar a imagem<\/p><\/div>\n<p>O Sindicato dos Professores de Alagoas encaminhou para os poderes executivos do Estado e de Macei\u00f3 um projeto contra ass\u00e9dio moral. A iniciativa foi desataque na imprensa atrav\u00e9s do jornal Tribuna Independe.<\/p>\n<p><strong>Saiba mais:<\/strong> <a href=\"http:\/\/sinpro-al.com.br\/v2\/?p=2765\">http:\/\/sinpro-al.com.br\/v2\/?p=2765<\/a><\/p>\n","protected":false},"excerpt":{"rendered":"<p>O Sindicato dos Professores de Alagoas encaminhou para os poderes executivos do Estado e de Macei\u00f3 um projeto contra ass\u00e9dio moral. A iniciativa foi desataque na imprensa atrav\u00e9s do jornal Tribuna Independe. Saiba mais: http:\/\/sinpro-al.com.br\/v2\/?p=2765<\/p>\n","protected":false},"author":4,"featured_media":2795,"comment_status":"open","ping_status":"open","sticky":false,"template":"","format":"standard","meta":{"footnotes":""},"categories":[4],"tags":[],"class_list":["post-2794","post","type-post","status-publish","format-standard","has-post-thumbnail","hentry","category-noticias-sinpro-al"],"_links":{"self":[{"href":"http:\/\/sinpro-al.com.br\/v2\/index.php?rest_route=\/wp\/v2\/posts\/2794","targetHints":{"allow":["GET"]}}],"collection":[{"href":"http:\/\/sinpro-al.com.br\/v2\/index.php?rest_route=\/wp\/v2\/posts"}],"about":[{"href":"http:\/\/sinpro-al.com.br\/v2\/index.php?rest_route=\/wp\/v2\/types\/post"}],"author":[{"embeddable":true,"href":"http:\/\/sinpro-al.com.br\/v2\/index.php?rest_route=\/wp\/v2\/users\/4"}],"replies":[{"embeddable":true,"href":"http:\/\/sinpro-al.com.br\/v2\/index.php?rest_route=%2Fwp%2Fv2%2Fcomments&post=2794"}],"version-history":[{"count":1,"href":"http:\/\/sinpro-al.com.br\/v2\/index.php?rest_route=\/wp\/v2\/posts\/2794\/revisions"}],"predecessor-version":[{"id":2796,"href":"http:\/\/sinpro-al.com.br\/v2\/index.php?rest_route=\/wp\/v2\/posts\/2794\/revisions\/2796"}],"wp:featuredmedia":[{"embeddable":true,"href":"http:\/\/sinpro-al.com.br\/v2\/index.php?rest_route=\/wp\/v2\/media\/2795"}],"wp:attachment":[{"href":"http:\/\/sinpro-al.com.br\/v2\/index.php?rest_route=%2Fwp%2Fv2%2Fmedia&parent=2794"}],"wp:term":[{"taxonomy":"category","embeddable":true,"href":"http:\/\/sinpro-al.com.br\/v2\/index.php?rest_route=%2Fwp%2Fv2%2Fcategories&post=2794"},{"taxonomy":"post_tag","embeddable":true,"href":"http:\/\/sinpro-al.com.br\/v2\/index.php?rest_route=%2Fwp%2Fv2%2Ftags&post=2794"}],"curies":[{"name":"wp","href":"https:\/\/api.w.org\/{rel}","templated":true}]}}